{"id":164401,"date":"2018-10-28T14:40:16","date_gmt":"2018-10-28T12:40:16","guid":{"rendered":"https:\/\/www.sana.sy\/tr\/?p=164401"},"modified":"2018-10-29T13:22:13","modified_gmt":"2018-10-29T11:22:13","slug":"ordu-birliklerimizin-sayesinde-kavustuklari-bu-degeri-koruma-azimlerini-vurguladilar","status":"publish","type":"post","link":"https:\/\/archive.sana.sy\/tr\/?p=164401","title":{"rendered":"Ordu Birliklerimizin Sayesinde Kavu\u015ftuklar\u0131 Bu De\u011feri Koruma Azimlerini Vurgulad\u0131lar"},"content":{"rendered":"<p>DERA \u2013 Dera \u0130linin d\u0131\u015f g\u00fc\u00e7lere hizmet eden kiral\u0131k ter\u00f6ristlerden kurtar\u0131lmas\u0131 ard\u0131ndan Dera halk\u0131n\u0131n kavu\u015ftu\u011fu g\u00fcvenlik ve huzur g\u00f6lgesinde ilin tamam\u0131n\u0131n normal ya\u015fama d\u00f6nmesi amac\u0131yla sivil toplum faaliyetlerinin katk\u0131lar\u0131yla yo\u011fun \u00e7abalar devam ediyor.<\/p>\n<p><a href=\"https:\/\/www.sana.sy\/tr\/wp-content\/uploads\/2018\/10\/00-7.jpg\"><img loading=\"lazy\" decoding=\"async\" class=\"alignright wp-image-164406 size-medium\" src=\"https:\/\/www.sana.sy\/tr\/wp-content\/uploads\/2018\/10\/00-7-300x178.jpg\" alt=\"\" width=\"300\" height=\"178\" srcset=\"https:\/\/archive.sana.sy\/tr\/wp-content\/uploads\/2018\/10\/00-7-300x178.jpg 300w, https:\/\/archive.sana.sy\/tr\/wp-content\/uploads\/2018\/10\/00-7-150x89.jpg 150w, https:\/\/archive.sana.sy\/tr\/wp-content\/uploads\/2018\/10\/00-7.jpg 660w\" sizes=\"auto, (max-width: 300px) 100vw, 300px\" \/><\/a>Bu ba\u011flamda Dera k\u0131rsal\u0131n\u0131n bat\u0131s\u0131nda yer alan Hrab el \u015eahm Beldesinde Beni Halit Kabilesi kitlesel kat\u0131l\u0131mla bir ulusal etkinlik d\u00fczenledi. Ulusal birlik beraberli\u011fin alt\u0131 \u00e7izildi\u011fi etkinlikte ordu birliklerimizin kiral\u0131k ve radikal ter\u00f6re kar\u015f\u0131 \u015fanl\u0131 zaferleri \u00f6v\u00fcl\u00fcrken ter\u00f6rden kurtulma ve yeniden huzura kavu\u015fman\u0131n sevinci ifade edildi.<\/p>\n<p>Beni Halit Kabilesinin \u00f6nde gelen \u015feyhleri ordu birliklerimize destek ve takdirin bir ifadesi olarak d\u00fczenledikleri bu etkinli\u011fin Suriyelilerin devletlerine, ordular\u0131na ve vatanlar\u0131na sevgi ve ba\u011fl\u0131l\u0131klar\u0131n\u0131n bir ifadesi oldu\u011funun alt\u0131n\u0131 \u00e7izdiler.<\/p>\n<p>G\u00fcvenlik, huzur ve onurlu ya\u015fam\u0131n \u00f6nem ve de\u011ferine dikkat \u00e7eken kabile \u015feyhleri; ordu birliklerimizin sayesinde kavu\u015ftuklar\u0131 bu de\u011feri ulusal birlik ve beraberlikle koruma azimlerini kaydettiler.<\/p>\n","protected":false},"excerpt":{"rendered":"<p>DERA \u2013 Dera \u0130linin d\u0131\u015f g\u00fc\u00e7lere hizmet eden kiral\u0131k ter\u00f6ristlerden kurtar\u0131lmas\u0131 ard\u0131ndan Dera halk\u0131n\u0131n kavu\u015ftu\u011fu g\u00fcvenlik ve huzur g\u00f6lgesinde ilin tamam\u0131n\u0131n normal ya\u015fama d\u00f6nmesi amac\u0131yla sivil toplum faaliyetlerinin katk\u0131lar\u0131yla yo\u011fun \u00e7abalar devam ediyor. Bu ba\u011flamda Dera k\u0131rsal\u0131n\u0131n bat\u0131s\u0131nda yer alan Hrab el \u015eahm Beldesinde Beni Halit Kabilesi kitlesel kat\u0131l\u0131mla bir ulusal etkinlik d\u00fczenledi. Ulusal birlik &hellip;<\/p>\n","protected":false},"author":1,"featured_media":164403,"comment_status":"closed","ping_status":"closed","sticky":false,"template":"","format":"standard","meta":{"footnotes":""},"categories":[479,17988,478],"tags":[1295,37754,16591,22181,2442],"class_list":["post-164401","post","type-post","status-publish","format-standard","has-post-thumbnail","","category-haberler-yerel","category-son-haberler","category-yerel","tag-dera","tag-hrab-el-sahm-beldesi","tag-suriye","tag-suriyeliler","tag-teror"],"_links":{"self":[{"href":"https:\/\/archive.sana.sy\/tr\/index.php?rest_route=\/wp\/v2\/posts\/164401","targetHints":{"allow":["GET"]}}],"collection":[{"href":"https:\/\/archive.sana.sy\/tr\/index.php?rest_route=\/wp\/v2\/posts"}],"about":[{"href":"https:\/\/archive.sana.sy\/tr\/index.php?rest_route=\/wp\/v2\/types\/post"}],"author":[{"embeddable":true,"href":"https:\/\/archive.sana.sy\/tr\/index.php?rest_route=\/wp\/v2\/users\/1"}],"replies":[{"embeddable":true,"href":"https:\/\/archive.sana.sy\/tr\/index.php?rest_route=%2Fwp%2Fv2%2Fcomments&post=164401"}],"version-history":[{"count":0,"href":"https:\/\/archive.sana.sy\/tr\/index.php?rest_route=\/wp\/v2\/posts\/164401\/revisions"}],"wp:featuredmedia":[{"embeddable":true,"href":"https:\/\/archive.sana.sy\/tr\/index.php?rest_route=\/wp\/v2\/media\/164403"}],"wp:attachment":[{"href":"https:\/\/archive.sana.sy\/tr\/index.php?rest_route=%2Fwp%2Fv2%2Fmedia&parent=164401"}],"wp:term":[{"taxonomy":"category","embeddable":true,"href":"https:\/\/archive.sana.sy\/tr\/index.php?rest_route=%2Fwp%2Fv2%2Fcategories&post=164401"},{"taxonomy":"post_tag","embeddable":true,"href":"https:\/\/archive.sana.sy\/tr\/index.php?rest_route=%2Fwp%2Fv2%2Ftags&post=164401"}],"curies":[{"name":"wp","href":"https:\/\/api.w.org\/{rel}","templated":true}]}}