{"id":164577,"date":"2018-10-30T15:47:55","date_gmt":"2018-10-30T13:47:55","guid":{"rendered":"https:\/\/www.sana.sy\/tr\/?p=164577"},"modified":"2018-10-31T13:25:50","modified_gmt":"2018-10-31T11:25:50","slug":"golan-er-ya-da-gec-anavatani-suriyeye-donecektir","status":"publish","type":"post","link":"https:\/\/archive.sana.sy\/tr\/?p=164577","title":{"rendered":"Golan Er ya da Ge\u00e7 Anavatan\u0131 Suriye&#8217;ye D\u00f6necektir"},"content":{"rendered":"<p>\u015eAM \u2013 D\u0131\u015fi\u015fleri ve Gurbet\u00e7iler Bakanl\u0131\u011f\u0131; i\u015fgalci \u0130srail otoritelerinin Suriye&#8217;nin Golan topraklar\u0131nda yurtta\u015flar\u0131m\u0131za dayatmaya \u00e7al\u0131\u015ft\u0131klar\u0131 s\u00f6zde yerel meclis se\u00e7imleri konusunda Birle\u015fmi\u015f Milletler genel sekreteri ve BM G\u00fcvenlik Konseyi ba\u015fkan\u0131na e\u015f iki resmi mektup g\u00f6nderdi.<\/p>\n<p>BM ve BMGK ar\u015fivlerinde resmi belge niteli\u011fi ta\u015f\u0131yan mektubunda bakanl\u0131k; \u0130srail i\u015fgal otoritelerinin bu icraatlar\u0131 ile gayr\u0131 me\u015fru olan kurumlara me\u015fruluk kazand\u0131rma amac\u0131 ta\u015f\u0131d\u0131\u011f\u0131n\u0131 ifade etti. Bakanl\u0131k i\u015fgal otoritelerinin uluslararas\u0131nca Suriyeli olan Golan topraklar\u0131n\u0131 yahudile\u015ftirmek ve \u0131rk\u00e7\u0131 yerle\u015fim alanlar\u0131na d\u00f6n\u00fc\u015ft\u00fcrmeyi ama\u00e7lad\u0131\u011f\u0131na dikkat \u00e7eken bakanl\u0131k; ayn\u0131 zamanda \u0130srail kanunlar\u0131n\u0131 Suriyeli topraklar olan Golan\u2019a ve Suriyeli yurtta\u015flar olan vatanda\u015flara uygulama ve i\u015fgali peki\u015ftirmeyi hedefledi\u011finin alt\u0131n\u0131 \u00e7izdi.<\/p>\n<p>Golan topraklar\u0131n\u0131n Suriye&#8217;nin ayr\u0131lmaz bir par\u00e7as\u0131 oldu\u011funu bir kez daha vurgulayan bakanl\u0131k; bu topraklar\u0131n er ya da ge\u00e7 mutlaka anavatan\u0131 Suriye&#8217;ye d\u00f6nmesi i\u00e7in gereken her icraat\u0131 g\u00f6sterece\u011fini vurgulad\u0131.<\/p>\n<p>Bakanl\u0131k Golan\u2019da \u0130srail dayatmalar\u0131 ve i\u015fgaline kar\u015f\u0131 m\u00fccadele eden Suriyeli vatanda\u015flara s\u0131n\u0131rs\u0131z deste\u011finin alt\u0131n\u0131 \u00e7izdi.<\/p>\n<p>\u0130srail&#8217;in Suriyeli Golan topraklar\u0131na i\u015fgalinin uluslar aras\u0131 kanunlar ve kararlar kapsam\u0131nda ge\u00e7ersiz oldu\u011funa dikkat \u00e7eken bakanl\u0131k; \u0130srail otoritelerinin uluslar aras\u0131 kanun ve kararlara ihlallerine son verilmesi i\u00e7in BM ve BMGK\u2019yi bir kez daha g\u00f6rev ve sorumluluklar\u0131n\u0131 \u00fcstlenmesine davet etti.<\/p>\n","protected":false},"excerpt":{"rendered":"<p>\u015eAM \u2013 D\u0131\u015fi\u015fleri ve Gurbet\u00e7iler Bakanl\u0131\u011f\u0131; i\u015fgalci \u0130srail otoritelerinin Suriye&#8217;nin Golan topraklar\u0131nda yurtta\u015flar\u0131m\u0131za dayatmaya \u00e7al\u0131\u015ft\u0131klar\u0131 s\u00f6zde yerel meclis se\u00e7imleri konusunda Birle\u015fmi\u015f Milletler genel sekreteri ve BM G\u00fcvenlik Konseyi ba\u015fkan\u0131na e\u015f iki resmi mektup g\u00f6nderdi. BM ve BMGK ar\u015fivlerinde resmi belge niteli\u011fi ta\u015f\u0131yan mektubunda bakanl\u0131k; \u0130srail i\u015fgal otoritelerinin bu icraatlar\u0131 ile gayr\u0131 me\u015fru olan kurumlara me\u015fruluk &hellip;<\/p>\n","protected":false},"author":1,"featured_media":163899,"comment_status":"closed","ping_status":"closed","sticky":false,"template":"","format":"standard","meta":{"footnotes":""},"categories":[479,17988,478],"tags":[24307,20897,2621,20648,29437,5614,16591,8590,37765],"class_list":["post-164577","post","type-post","status-publish","format-standard","has-post-thumbnail","","category-haberler-yerel","category-son-haberler","category-yerel","tag-birlesmis-milletler-genel-sekreteri","tag-bmgk","tag-disisleri-ve-gurbetciler-bakanligi","tag-golan","tag-isgal","tag-israil","tag-suriye","tag-suriyeli","tag-yurttaslari"],"_links":{"self":[{"href":"https:\/\/archive.sana.sy\/tr\/index.php?rest_route=\/wp\/v2\/posts\/164577","targetHints":{"allow":["GET"]}}],"collection":[{"href":"https:\/\/archive.sana.sy\/tr\/index.php?rest_route=\/wp\/v2\/posts"}],"about":[{"href":"https:\/\/archive.sana.sy\/tr\/index.php?rest_route=\/wp\/v2\/types\/post"}],"author":[{"embeddable":true,"href":"https:\/\/archive.sana.sy\/tr\/index.php?rest_route=\/wp\/v2\/users\/1"}],"replies":[{"embeddable":true,"href":"https:\/\/archive.sana.sy\/tr\/index.php?rest_route=%2Fwp%2Fv2%2Fcomments&post=164577"}],"version-history":[{"count":0,"href":"https:\/\/archive.sana.sy\/tr\/index.php?rest_route=\/wp\/v2\/posts\/164577\/revisions"}],"wp:featuredmedia":[{"embeddable":true,"href":"https:\/\/archive.sana.sy\/tr\/index.php?rest_route=\/wp\/v2\/media\/163899"}],"wp:attachment":[{"href":"https:\/\/archive.sana.sy\/tr\/index.php?rest_route=%2Fwp%2Fv2%2Fmedia&parent=164577"}],"wp:term":[{"taxonomy":"category","embeddable":true,"href":"https:\/\/archive.sana.sy\/tr\/index.php?rest_route=%2Fwp%2Fv2%2Fcategories&post=164577"},{"taxonomy":"post_tag","embeddable":true,"href":"https:\/\/archive.sana.sy\/tr\/index.php?rest_route=%2Fwp%2Fv2%2Ftags&post=164577"}],"curies":[{"name":"wp","href":"https:\/\/api.w.org\/{rel}","templated":true}]}}