{"id":164587,"date":"2018-10-30T20:40:04","date_gmt":"2018-10-30T18:40:04","guid":{"rendered":"https:\/\/www.sana.sy\/tr\/?p=164587"},"modified":"2018-10-31T13:25:39","modified_gmt":"2018-10-31T11:25:39","slug":"suriye-ile-uluslararasi-dayanisma-konferansina-katilanlar-suriye-halki-mucadele-dersleri-verdi","status":"publish","type":"post","link":"https:\/\/archive.sana.sy\/tr\/?p=164587","title":{"rendered":"Suriye \u0130le Uluslararas\u0131 Dayan\u0131\u015fma Konferans\u0131na Kat\u0131lanlar: Suriye Halk\u0131 M\u00fccadele Dersleri Verdi"},"content":{"rendered":"<p style=\"text-align: justify\">\u015eAM &#8211; D\u00fcnya Bar\u0131\u015f Konseyi, D\u00fcnya Demokratik Gen\u00e7lik Federasyonu ve Ulusal \u00d6\u011frenci Birli\u011fi taraf\u0131ndan bug\u00fcn \u015eam \u00dcniversitesi Amfitiyatrosu&#8217;nda d\u00fczenlenen Uluslararas\u0131 Suriye Dayan\u0131\u015fma Konferans\u0131 kat\u0131l\u0131mc\u0131lar, Suriye halk\u0131n\u0131n 7 y\u0131ldan fazla s\u00fcredir \u00fclkelerini hedef alan ter\u00f6rist sava\u015fa kar\u015f\u0131 m\u00fccadelede kahramanl\u0131k dersleri verdi\u011fini belirterek Suriye&#8217;nin maruz kald\u0131\u011f\u0131 bu \u00e7irkef sald\u0131r\u0131n\u0131n \u00fclkeyi b\u00f6lmeyi ve ulusal rol\u00fcne son vermeyi hedefledi\u011fini varsayd\u0131lar.<\/p>\n<p style=\"text-align: justify\"><a href=\"https:\/\/www.sana.sy\/tr\/wp-content\/uploads\/2018\/10\/6565656565656.jpg\"><img loading=\"lazy\" decoding=\"async\" class=\"alignright wp-image-164590 size-medium\" src=\"https:\/\/www.sana.sy\/tr\/wp-content\/uploads\/2018\/10\/6565656565656-300x196.jpg\" alt=\"\" width=\"300\" height=\"196\" srcset=\"https:\/\/archive.sana.sy\/tr\/wp-content\/uploads\/2018\/10\/6565656565656-300x196.jpg 300w, https:\/\/archive.sana.sy\/tr\/wp-content\/uploads\/2018\/10\/6565656565656-150x98.jpg 150w, https:\/\/archive.sana.sy\/tr\/wp-content\/uploads\/2018\/10\/6565656565656.jpg 660w\" sizes=\"auto, (max-width: 300px) 100vw, 300px\" \/><\/a>Kat\u0131l\u0131mc\u0131lar, d\u00fcnyada bar\u0131\u015f ve adaletin sa\u011flanmas\u0131 ve Siyonist d\u00fc\u015fman, Amerika Birle\u015fik Devletleri ve emperyalist gerici ittifaktan tebalar\u0131 taraf\u0131ndan b\u00f6lgedeki halklara y\u00f6nelik her t\u00fcrl\u00fc sald\u0131r\u0131 ve sava\u015fa son vermek i\u00e7in birlik ve dayan\u0131\u015fma \u00e7a\u011fr\u0131s\u0131nda bulundular.<\/p>\n<p style=\"text-align: justify\">D\u00fcnya Bar\u0131\u015f Konseyi Ba\u015fkan\u0131 Maria Do Socorro Gomes, Bat\u0131 medyas\u0131n\u0131n \u00e7o\u011funlu\u011funun emperyalist g\u00fc\u00e7lerin hizmetine \u00e7al\u0131\u015ft\u0131\u011f\u0131n\u0131 ve Suriye&#8217;deki olaylar\u0131n ba\u015flamas\u0131ndan bu yana tutumlar\u0131n k\u0131\u015fk\u0131rt\u0131lmas\u0131 ve ger\u00e7ekleri sapt\u0131rmada \u00f6nemli rol oynad\u0131\u011f\u0131n\u0131 belirterek, Konseyin ba\u015flang\u0131\u00e7tan beri Suriye&#8217;de bar\u0131\u015f \u00e7abalar\u0131n\u0131 ve Suriyelilerin direni\u015flerini desteklemedeki ba\u011fl\u0131l\u0131\u011f\u0131n\u0131 dile getirdi\u011fini, bu halk\u0131n ve y\u00f6netiminin \u00fcst \u00fcste sa\u011flad\u0131\u011f\u0131 zaferlerin, egemenli\u011fi ve istikrar\u0131 yolunda m\u00fccadele eden halklara ilham kayna\u011f\u0131 oldu\u011funu vurgulad\u0131.<\/p>\n<p>S. \u015eahhut.<\/p>\n","protected":false},"excerpt":{"rendered":"<p>\u015eAM &#8211; D\u00fcnya Bar\u0131\u015f Konseyi, D\u00fcnya Demokratik Gen\u00e7lik Federasyonu ve Ulusal \u00d6\u011frenci Birli\u011fi taraf\u0131ndan bug\u00fcn \u015eam \u00dcniversitesi Amfitiyatrosu&#8217;nda d\u00fczenlenen Uluslararas\u0131 Suriye Dayan\u0131\u015fma Konferans\u0131 kat\u0131l\u0131mc\u0131lar, Suriye halk\u0131n\u0131n 7 y\u0131ldan fazla s\u00fcredir \u00fclkelerini hedef alan ter\u00f6rist sava\u015fa kar\u015f\u0131 m\u00fccadelede kahramanl\u0131k dersleri verdi\u011fini belirterek Suriye&#8217;nin maruz kald\u0131\u011f\u0131 bu \u00e7irkef sald\u0131r\u0131n\u0131n \u00fclkeyi b\u00f6lmeyi ve ulusal rol\u00fcne son vermeyi hedefledi\u011fini &hellip;<\/p>\n","protected":false},"author":1,"featured_media":164588,"comment_status":"closed","ping_status":"closed","sticky":false,"template":"","format":"standard","meta":{"footnotes":""},"categories":[479,17988,478],"tags":[21396,2755,16591,22181],"class_list":["post-164587","post","type-post","status-publish","format-standard","has-post-thumbnail","","category-haberler-yerel","category-son-haberler","category-yerel","tag-dunya-baris-konseyi","tag-sam","tag-suriye","tag-suriyeliler"],"_links":{"self":[{"href":"https:\/\/archive.sana.sy\/tr\/index.php?rest_route=\/wp\/v2\/posts\/164587","targetHints":{"allow":["GET"]}}],"collection":[{"href":"https:\/\/archive.sana.sy\/tr\/index.php?rest_route=\/wp\/v2\/posts"}],"about":[{"href":"https:\/\/archive.sana.sy\/tr\/index.php?rest_route=\/wp\/v2\/types\/post"}],"author":[{"embeddable":true,"href":"https:\/\/archive.sana.sy\/tr\/index.php?rest_route=\/wp\/v2\/users\/1"}],"replies":[{"embeddable":true,"href":"https:\/\/archive.sana.sy\/tr\/index.php?rest_route=%2Fwp%2Fv2%2Fcomments&post=164587"}],"version-history":[{"count":0,"href":"https:\/\/archive.sana.sy\/tr\/index.php?rest_route=\/wp\/v2\/posts\/164587\/revisions"}],"wp:featuredmedia":[{"embeddable":true,"href":"https:\/\/archive.sana.sy\/tr\/index.php?rest_route=\/wp\/v2\/media\/164588"}],"wp:attachment":[{"href":"https:\/\/archive.sana.sy\/tr\/index.php?rest_route=%2Fwp%2Fv2%2Fmedia&parent=164587"}],"wp:term":[{"taxonomy":"category","embeddable":true,"href":"https:\/\/archive.sana.sy\/tr\/index.php?rest_route=%2Fwp%2Fv2%2Fcategories&post=164587"},{"taxonomy":"post_tag","embeddable":true,"href":"https:\/\/archive.sana.sy\/tr\/index.php?rest_route=%2Fwp%2Fv2%2Ftags&post=164587"}],"curies":[{"name":"wp","href":"https:\/\/api.w.org\/{rel}","templated":true}]}}