{"id":164647,"date":"2018-10-31T14:37:50","date_gmt":"2018-10-31T12:37:50","guid":{"rendered":"https:\/\/www.sana.sy\/tr\/?p=164647"},"modified":"2018-11-02T13:04:26","modified_gmt":"2018-11-02T11:04:26","slug":"homsta-bilimsel-ve-hizmet-amacli-saglik-kurumu-kuruluyor","status":"publish","type":"post","link":"https:\/\/archive.sana.sy\/tr\/?p=164647","title":{"rendered":"Homs\u2019ta Bilimsel ve Hizmet Ama\u00e7l\u0131 Sa\u011fl\u0131k Kurumu Kuruluyor"},"content":{"rendered":"<p>\u015eAM \u2013 Cumhurba\u015fkan\u0131 Be\u015f\u015far el Esad Homs Kentinde Homs Ulusal Hastanesi ad\u0131 alt\u0131nda bilimsel ve hizmetsel ama\u00e7l\u0131 bir sa\u011fl\u0131k kurumunun kurulmas\u0131n\u0131 \u00f6ng\u00f6ren 2018\/340 say\u0131l\u0131 kararnameyi onaylad\u0131.<\/p>\n<p>T\u0131bb\u0131n muhtelif alanlar\u0131 ve uzmanl\u0131klar\u0131nda geli\u015fmi\u015f hizmetler takdim edecek ve bilimsel ara\u015ft\u0131rmalarda bulunacak kurum kararname gere\u011fince ba\u011f\u0131ms\u0131z bir mali ve idari t\u00fczel yap\u0131ya sahip olacak.<\/p>\n","protected":false},"excerpt":{"rendered":"<p>\u015eAM \u2013 Cumhurba\u015fkan\u0131 Be\u015f\u015far el Esad Homs Kentinde Homs Ulusal Hastanesi ad\u0131 alt\u0131nda bilimsel ve hizmetsel ama\u00e7l\u0131 bir sa\u011fl\u0131k kurumunun kurulmas\u0131n\u0131 \u00f6ng\u00f6ren 2018\/340 say\u0131l\u0131 kararnameyi onaylad\u0131. T\u0131bb\u0131n muhtelif alanlar\u0131 ve uzmanl\u0131klar\u0131nda geli\u015fmi\u015f hizmetler takdim edecek ve bilimsel ara\u015ft\u0131rmalarda bulunacak kurum kararname gere\u011fince ba\u011f\u0131ms\u0131z bir mali ve idari t\u00fczel yap\u0131ya sahip olacak.<\/p>\n","protected":false},"author":1,"featured_media":148639,"comment_status":"closed","ping_status":"closed","sticky":false,"template":"","format":"standard","meta":{"footnotes":""},"categories":[479,605,17988,612,599,478],"tags":[37776,17256,5016,8767,32885,16865,37775,37777],"class_list":["post-164647","post","type-post","status-publish","format-standard","has-post-thumbnail","","category-haberler-yerel","category-sayin-cumhurbaskani","category-son-haberler","category-yasama-kararnameler","category-yasama-ve-kanunlar","category-yerel","tag-2018-340-sayili-kararname","tag-bessar-el-esad","tag-bilimsel","tag-cumhurbaskani","tag-hizmetsel","tag-homs-kenti","tag-homs-ulusal-hastanesi","tag-saglik-kurumunun-kurulmasi"],"_links":{"self":[{"href":"https:\/\/archive.sana.sy\/tr\/index.php?rest_route=\/wp\/v2\/posts\/164647","targetHints":{"allow":["GET"]}}],"collection":[{"href":"https:\/\/archive.sana.sy\/tr\/index.php?rest_route=\/wp\/v2\/posts"}],"about":[{"href":"https:\/\/archive.sana.sy\/tr\/index.php?rest_route=\/wp\/v2\/types\/post"}],"author":[{"embeddable":true,"href":"https:\/\/archive.sana.sy\/tr\/index.php?rest_route=\/wp\/v2\/users\/1"}],"replies":[{"embeddable":true,"href":"https:\/\/archive.sana.sy\/tr\/index.php?rest_route=%2Fwp%2Fv2%2Fcomments&post=164647"}],"version-history":[{"count":0,"href":"https:\/\/archive.sana.sy\/tr\/index.php?rest_route=\/wp\/v2\/posts\/164647\/revisions"}],"wp:featuredmedia":[{"embeddable":true,"href":"https:\/\/archive.sana.sy\/tr\/index.php?rest_route=\/wp\/v2\/media\/148639"}],"wp:attachment":[{"href":"https:\/\/archive.sana.sy\/tr\/index.php?rest_route=%2Fwp%2Fv2%2Fmedia&parent=164647"}],"wp:term":[{"taxonomy":"category","embeddable":true,"href":"https:\/\/archive.sana.sy\/tr\/index.php?rest_route=%2Fwp%2Fv2%2Fcategories&post=164647"},{"taxonomy":"post_tag","embeddable":true,"href":"https:\/\/archive.sana.sy\/tr\/index.php?rest_route=%2Fwp%2Fv2%2Ftags&post=164647"}],"curies":[{"name":"wp","href":"https:\/\/api.w.org\/{rel}","templated":true}]}}