{"id":164650,"date":"2018-10-31T15:40:22","date_gmt":"2018-10-31T13:40:22","guid":{"rendered":"https:\/\/www.sana.sy\/tr\/?p=164650"},"modified":"2018-11-02T13:02:29","modified_gmt":"2018-11-02T11:02:29","slug":"sencerani-pakistan-her-daim-suriyeyi-destekliyor","status":"publish","type":"post","link":"https:\/\/archive.sana.sy\/tr\/?p=164650","title":{"rendered":"Sencerani: Pakistan Her Daim Suriye&#8217;yi Destekliyor"},"content":{"rendered":"<p>\u0130SLAMABAT \u2013 Asya Parlamentolar Birli\u011fi toplant\u0131lar\u0131na kat\u0131lan Halk Meclisi heyeti bug\u00fcn Pakistan\u2019\u0131n ba\u015fkenti \u0130slamabat\u2019ta Pakistan Parlamentosu Ba\u015fkan\u0131 Muhammed Sad\u0131k Sencerani ile bir araya geldi.<\/p>\n<p>G\u00f6r\u00fc\u015fmede \u00fclkesinin her daim Suriye&#8217;nin yan\u0131nda oldu\u011funu ve Suriye&#8217;yi destekledi\u011fini belirten Sencerani; Suriye ile ili\u015fkileri muhtelif alanlarda geli\u015ftirme \u00f6zen ve \u00e7abalar\u0131na dikkat \u00e7ekti. Sencerani yak\u0131n s\u00fcre i\u00e7inde Suriye Pakistan parlamenter dostluk cemiyetinin te\u015fkil edilmesinden duydu\u011fu mutlu\u011fu ifade etti.<\/p>\n<p>Suriye heyeti ba\u015fkan\u0131 Milletvekili At\u0131f el Zeybak ise Suriye ve Pakistan halklar\u0131n\u0131n \u00e7\u0131karlar\u0131na hizmet edecek \u015fekilde ili\u015fkileri muhtelif alanlarda geli\u015ftirme gere\u011fini belirtti.<\/p>\n","protected":false},"excerpt":{"rendered":"<p>\u0130SLAMABAT \u2013 Asya Parlamentolar Birli\u011fi toplant\u0131lar\u0131na kat\u0131lan Halk Meclisi heyeti bug\u00fcn Pakistan\u2019\u0131n ba\u015fkenti \u0130slamabat\u2019ta Pakistan Parlamentosu Ba\u015fkan\u0131 Muhammed Sad\u0131k Sencerani ile bir araya geldi. G\u00f6r\u00fc\u015fmede \u00fclkesinin her daim Suriye&#8217;nin yan\u0131nda oldu\u011funu ve Suriye&#8217;yi destekledi\u011fini belirten Sencerani; Suriye ile ili\u015fkileri muhtelif alanlarda geli\u015ftirme \u00f6zen ve \u00e7abalar\u0131na dikkat \u00e7ekti. Sencerani yak\u0131n s\u00fcre i\u00e7inde Suriye Pakistan parlamenter dostluk &hellip;<\/p>\n","protected":false},"author":1,"featured_media":164651,"comment_status":"closed","ping_status":"closed","sticky":false,"template":"","format":"standard","meta":{"footnotes":""},"categories":[458,459,17988],"tags":[37778,37779,37780,7467,37781,16591],"class_list":["post-164650","post","type-post","status-publish","format-standard","has-post-thumbnail","","category-dunya1","category-haberler-arap-uluslararasi-politika","category-son-haberler","tag-asya-parlamentolar-birligi-toplantilari","tag-halk-meclisi-heyeti","tag-islamabat","tag-pakistan","tag-pakistan-parlamentosu-baskani-muhammed-sadik-sencerani","tag-suriye"],"_links":{"self":[{"href":"https:\/\/archive.sana.sy\/tr\/index.php?rest_route=\/wp\/v2\/posts\/164650","targetHints":{"allow":["GET"]}}],"collection":[{"href":"https:\/\/archive.sana.sy\/tr\/index.php?rest_route=\/wp\/v2\/posts"}],"about":[{"href":"https:\/\/archive.sana.sy\/tr\/index.php?rest_route=\/wp\/v2\/types\/post"}],"author":[{"embeddable":true,"href":"https:\/\/archive.sana.sy\/tr\/index.php?rest_route=\/wp\/v2\/users\/1"}],"replies":[{"embeddable":true,"href":"https:\/\/archive.sana.sy\/tr\/index.php?rest_route=%2Fwp%2Fv2%2Fcomments&post=164650"}],"version-history":[{"count":0,"href":"https:\/\/archive.sana.sy\/tr\/index.php?rest_route=\/wp\/v2\/posts\/164650\/revisions"}],"wp:featuredmedia":[{"embeddable":true,"href":"https:\/\/archive.sana.sy\/tr\/index.php?rest_route=\/wp\/v2\/media\/164651"}],"wp:attachment":[{"href":"https:\/\/archive.sana.sy\/tr\/index.php?rest_route=%2Fwp%2Fv2%2Fmedia&parent=164650"}],"wp:term":[{"taxonomy":"category","embeddable":true,"href":"https:\/\/archive.sana.sy\/tr\/index.php?rest_route=%2Fwp%2Fv2%2Fcategories&post=164650"},{"taxonomy":"post_tag","embeddable":true,"href":"https:\/\/archive.sana.sy\/tr\/index.php?rest_route=%2Fwp%2Fv2%2Ftags&post=164650"}],"curies":[{"name":"wp","href":"https:\/\/api.w.org\/{rel}","templated":true}]}}