{"id":164874,"date":"2018-11-03T15:57:07","date_gmt":"2018-11-03T13:57:07","guid":{"rendered":"https:\/\/www.sana.sy\/tr\/?p=164874"},"modified":"2018-11-05T14:52:08","modified_gmt":"2018-11-05T12:52:08","slug":"dera-ve-kunaytra-kirsallarinda-teroristlere-ait-silahlar-ele-gecirildi","status":"publish","type":"post","link":"https:\/\/archive.sana.sy\/tr\/?p=164874","title":{"rendered":"Dera ve Kunaytra K\u0131rsallar\u0131nda Ter\u00f6ristlere Ait Silahlar Ele Ge\u00e7irildi (video)"},"content":{"rendered":"<p>\u0130LLER \u2013 Ordu birliklerimiz ter\u00f6rden kurtar\u0131lan b\u00f6lgelerde halk\u0131n g\u00fcvenli\u011fini temin etmek i\u00e7in ter\u00f6ristlerin yok edilmeleri \u00f6ncesinde \u00f6zel ve kamu m\u00fclklere yerle\u015ftirdikleri may\u0131n ve bomba d\u00fczeneklerini etkisizle\u015ftirme ama\u00e7l\u0131 arama tarama operasyonlar\u0131n\u0131 s\u00fcrd\u00fcr\u00fcyor.<\/p>\n<p>SANA muhabiri iki il k\u0131rsal\u0131nda daha \u00f6nce \u0130srail ve daha ba\u015fka devlet rejimlerine tabilikleriyle bilinen ter\u00f6ristlerin yok edilmeden \u00f6nce saklad\u0131klar\u0131 muhtelif t\u00fcr b\u00fcy\u00fck miktarda silah ve m\u00fchimmat ele ge\u00e7irildi\u011fini belirtti.<\/p>\n<p>Muhabir radikal ter\u00f6ristlerin yuvalar\u0131nda ele ge\u00e7irilen silah ve m\u00fchimmat\u0131n yabanc\u0131 men\u015feli silahlar\u0131n bulundu\u011funa dikkat \u00e7ekerken, ter\u00f6r \u00f6rg\u00fctleri ile yabanc\u0131 devletler aras\u0131ndaki ili\u015fki ve ba\u011flant\u0131lar\u0131n bir kez daha kan\u0131tland\u0131\u011f\u0131n\u0131 kaydetti.<\/p>\n<div id='gallery-1' class='gallery galleryid-164874 gallery-columns-3 gallery-size-thumbnail'><figure class='gallery-item'>\n\t\t\t<div class='gallery-icon landscape'>\n\t\t\t\t<a href='https:\/\/archive.sana.sy\/tr\/?attachment_id=164920'><img loading=\"lazy\" decoding=\"async\" width=\"150\" height=\"100\" src=\"https:\/\/archive.sana.sy\/tr\/wp-content\/uploads\/2018\/11\/IMG_20181103_152809-150x100.jpg\" class=\"attachment-thumbnail size-thumbnail\" alt=\"\" srcset=\"https:\/\/archive.sana.sy\/tr\/wp-content\/uploads\/2018\/11\/IMG_20181103_152809-150x100.jpg 150w, https:\/\/archive.sana.sy\/tr\/wp-content\/uploads\/2018\/11\/IMG_20181103_152809-300x200.jpg 300w, https:\/\/archive.sana.sy\/tr\/wp-content\/uploads\/2018\/11\/IMG_20181103_152809-768x512.jpg 768w, https:\/\/archive.sana.sy\/tr\/wp-content\/uploads\/2018\/11\/IMG_20181103_152809-1024x683.jpg 1024w, https:\/\/archive.sana.sy\/tr\/wp-content\/uploads\/2018\/11\/IMG_20181103_152809-310x205.jpg 310w, https:\/\/archive.sana.sy\/tr\/wp-content\/uploads\/2018\/11\/IMG_20181103_152809.jpg 1200w\" sizes=\"auto, (max-width: 150px) 100vw, 150px\" \/><\/a>\n\t\t\t<\/div><\/figure><figure class='gallery-item'>\n\t\t\t<div class='gallery-icon landscape'>\n\t\t\t\t<a href='https:\/\/archive.sana.sy\/tr\/?attachment_id=164921'><img loading=\"lazy\" decoding=\"async\" width=\"150\" height=\"100\" src=\"https:\/\/archive.sana.sy\/tr\/wp-content\/uploads\/2018\/11\/IMG_20181103_152813-150x100.jpg\" class=\"attachment-thumbnail size-thumbnail\" alt=\"\" srcset=\"https:\/\/archive.sana.sy\/tr\/wp-content\/uploads\/2018\/11\/IMG_20181103_152813-150x100.jpg 150w, https:\/\/archive.sana.sy\/tr\/wp-content\/uploads\/2018\/11\/IMG_20181103_152813-300x200.jpg 300w, https:\/\/archive.sana.sy\/tr\/wp-content\/uploads\/2018\/11\/IMG_20181103_152813-768x512.jpg 768w, https:\/\/archive.sana.sy\/tr\/wp-content\/uploads\/2018\/11\/IMG_20181103_152813-1024x683.jpg 1024w, https:\/\/archive.sana.sy\/tr\/wp-content\/uploads\/2018\/11\/IMG_20181103_152813-310x205.jpg 310w, https:\/\/archive.sana.sy\/tr\/wp-content\/uploads\/2018\/11\/IMG_20181103_152813.jpg 1200w\" sizes=\"auto, (max-width: 150px) 100vw, 150px\" \/><\/a>\n\t\t\t<\/div><\/figure><figure class='gallery-item'>\n\t\t\t<div class='gallery-icon landscape'>\n\t\t\t\t<a href='https:\/\/archive.sana.sy\/tr\/?attachment_id=164922'><img loading=\"lazy\" decoding=\"async\" width=\"150\" height=\"100\" src=\"https:\/\/archive.sana.sy\/tr\/wp-content\/uploads\/2018\/11\/IMG_20181103_152816-150x100.jpg\" class=\"attachment-thumbnail size-thumbnail\" alt=\"\" srcset=\"https:\/\/archive.sana.sy\/tr\/wp-content\/uploads\/2018\/11\/IMG_20181103_152816-150x100.jpg 150w, https:\/\/archive.sana.sy\/tr\/wp-content\/uploads\/2018\/11\/IMG_20181103_152816-300x200.jpg 300w, https:\/\/archive.sana.sy\/tr\/wp-content\/uploads\/2018\/11\/IMG_20181103_152816-768x512.jpg 768w, https:\/\/archive.sana.sy\/tr\/wp-content\/uploads\/2018\/11\/IMG_20181103_152816-1024x683.jpg 1024w, https:\/\/archive.sana.sy\/tr\/wp-content\/uploads\/2018\/11\/IMG_20181103_152816-310x205.jpg 310w, https:\/\/archive.sana.sy\/tr\/wp-content\/uploads\/2018\/11\/IMG_20181103_152816.jpg 1200w\" sizes=\"auto, (max-width: 150px) 100vw, 150px\" \/><\/a>\n\t\t\t<\/div><\/figure>\n\t\t<\/div>\n\n<p><iframe loading=\"lazy\" title=\"\u0627\u0644\u0639\u062b\u0648\u0631 \u0639\u0644\u0649 \u0623\u0633\u0644\u062d\u0629 \u0648\u0630\u062e\u064a\u0631\u0629 \u0648\u0622\u0644\u064a\u0627\u062a \u0645\u0646 \u0645\u062e\u0644\u0641\u0627\u062a \u0627\u0644\u0625\u0631\u0647\u0627\u0628\u064a\u064a\u0646 \u0628\u0639\u0636\u0647\u0627 \u0625\u0633\u0631\u0627\u0626\u064a\u0644\u064a \u0627\u0644\u0635\u0646\u0639 \u0628\u0631\u064a\u0641\u064a \u062f\u0631\u0639\u0627 \u0648\u0627\u0644\u0642\u0646\u064a\u0637\u0631\u0629\" width=\"618\" height=\"348\" src=\"https:\/\/www.youtube.com\/embed\/4LiRHRIQsGA?feature=oembed\" frameborder=\"0\" allow=\"accelerometer; autoplay; clipboard-write; encrypted-media; gyroscope; picture-in-picture; web-share\" referrerpolicy=\"strict-origin-when-cross-origin\" allowfullscreen><\/iframe><\/p>\n","protected":false},"excerpt":{"rendered":"<p>\u0130LLER \u2013 Ordu birliklerimiz ter\u00f6rden kurtar\u0131lan b\u00f6lgelerde halk\u0131n g\u00fcvenli\u011fini temin etmek i\u00e7in ter\u00f6ristlerin yok edilmeleri \u00f6ncesinde \u00f6zel ve kamu m\u00fclklere yerle\u015ftirdikleri may\u0131n ve bomba d\u00fczeneklerini etkisizle\u015ftirme ama\u00e7l\u0131 arama tarama operasyonlar\u0131n\u0131 s\u00fcrd\u00fcr\u00fcyor. SANA muhabiri iki il k\u0131rsal\u0131nda daha \u00f6nce \u0130srail ve daha ba\u015fka devlet rejimlerine tabilikleriyle bilinen ter\u00f6ristlerin yok edilmeden \u00f6nce saklad\u0131klar\u0131 muhtelif t\u00fcr b\u00fcy\u00fck miktarda &hellip;<\/p>\n","protected":false},"author":1,"featured_media":164923,"comment_status":"closed","ping_status":"closed","sticky":false,"template":"","format":"standard","meta":{"footnotes":""},"categories":[596,479,575,17988,478],"tags":[5614,19622,2695,3326,2442,7657,2930,37820],"class_list":["post-164874","post","type-post","status-publish","format-standard","has-post-thumbnail","","category-fotografli-raporlar","category-haberler-yerel","category-olaylar-ve-gercekler","category-son-haberler","category-yerel","tag-israil","tag-muhimmat","tag-ordu-birliklerimiz","tag-silah","tag-teror","tag-teror-orgutleri","tag-teroristler","tag-yabanci-menseli-silahlari"],"_links":{"self":[{"href":"https:\/\/archive.sana.sy\/tr\/index.php?rest_route=\/wp\/v2\/posts\/164874","targetHints":{"allow":["GET"]}}],"collection":[{"href":"https:\/\/archive.sana.sy\/tr\/index.php?rest_route=\/wp\/v2\/posts"}],"about":[{"href":"https:\/\/archive.sana.sy\/tr\/index.php?rest_route=\/wp\/v2\/types\/post"}],"author":[{"embeddable":true,"href":"https:\/\/archive.sana.sy\/tr\/index.php?rest_route=\/wp\/v2\/users\/1"}],"replies":[{"embeddable":true,"href":"https:\/\/archive.sana.sy\/tr\/index.php?rest_route=%2Fwp%2Fv2%2Fcomments&post=164874"}],"version-history":[{"count":0,"href":"https:\/\/archive.sana.sy\/tr\/index.php?rest_route=\/wp\/v2\/posts\/164874\/revisions"}],"wp:featuredmedia":[{"embeddable":true,"href":"https:\/\/archive.sana.sy\/tr\/index.php?rest_route=\/wp\/v2\/media\/164923"}],"wp:attachment":[{"href":"https:\/\/archive.sana.sy\/tr\/index.php?rest_route=%2Fwp%2Fv2%2Fmedia&parent=164874"}],"wp:term":[{"taxonomy":"category","embeddable":true,"href":"https:\/\/archive.sana.sy\/tr\/index.php?rest_route=%2Fwp%2Fv2%2Fcategories&post=164874"},{"taxonomy":"post_tag","embeddable":true,"href":"https:\/\/archive.sana.sy\/tr\/index.php?rest_route=%2Fwp%2Fv2%2Ftags&post=164874"}],"curies":[{"name":"wp","href":"https:\/\/api.w.org\/{rel}","templated":true}]}}