{"id":164938,"date":"2018-11-03T23:17:40","date_gmt":"2018-11-03T21:17:40","guid":{"rendered":"https:\/\/www.sana.sy\/tr\/?p=164938"},"modified":"2018-11-04T12:20:55","modified_gmt":"2018-11-04T10:20:55","slug":"brezilyali-parlamento-heyeti-suriyeye-uygulanan-tek-tarafli-zalim-yaptirimlari-reddediyoruz","status":"publish","type":"post","link":"https:\/\/archive.sana.sy\/tr\/?p=164938","title":{"rendered":"Brezilyal\u0131 Parlamento Heyeti: Suriye&#8217;ye Uygulanan Tek Tarafl\u0131 Zalim Yapt\u0131r\u0131mlar\u0131 Reddediyoruz"},"content":{"rendered":"<p style=\"text-align: justify\">\u015eAM \u2013 Arap, D\u0131\u015fi\u015fleri ve Gurbet\u00e7i \u0130\u015fleri ile Suriye-Brezilya Dostluk komiteleri Halk Meclisinde Senat\u00f6r Fernando Di Milo ba\u015fkanl\u0131\u011f\u0131ndaki Brezilya Parlamento heyetiyle iki dost \u00fclke ve halklar\u0131 aras\u0131nda b\u00fct\u00fcn alanlarda y\u00fcksek \u00e7\u0131karlar\u0131 sa\u011flayacak \u015fekilde parlamento ili\u015fkilerini geli\u015ftirme yollar\u0131n\u0131 ele ald\u0131.<\/p>\n<p style=\"text-align: justify\"><a href=\"https:\/\/www.sana.sy\/tr\/wp-content\/uploads\/2018\/11\/2-9.jpg\"><img loading=\"lazy\" decoding=\"async\" class=\"alignright wp-image-164941 size-medium\" src=\"https:\/\/www.sana.sy\/tr\/wp-content\/uploads\/2018\/11\/2-9-300x200.jpg\" alt=\"\" width=\"300\" height=\"200\" srcset=\"https:\/\/archive.sana.sy\/tr\/wp-content\/uploads\/2018\/11\/2-9-300x200.jpg 300w, https:\/\/archive.sana.sy\/tr\/wp-content\/uploads\/2018\/11\/2-9-150x100.jpg 150w, https:\/\/archive.sana.sy\/tr\/wp-content\/uploads\/2018\/11\/2-9-768x512.jpg 768w, https:\/\/archive.sana.sy\/tr\/wp-content\/uploads\/2018\/11\/2-9-1024x683.jpg 1024w, https:\/\/archive.sana.sy\/tr\/wp-content\/uploads\/2018\/11\/2-9.jpg 1200w\" sizes=\"auto, (max-width: 300px) 100vw, 300px\" \/><\/a>Arap, D\u0131\u015fi\u015fleri ve Gurbet\u00e7i \u0130\u015fleri Komitesi Ba\u015fkan\u0131 Butros Mercane, Halk Meclisi ile Brezilya&#8217;daki Senato ve Parlamenter Konseyleri aras\u0131ndaki ortak i\u015fbirli\u011fi ili\u015fkilerinin \u00f6nemini belirterek, Suriye halk\u0131na dayat\u0131lan tek tarafl\u0131 zalim icraatlar\u0131n bitirilmesine yol a\u00e7acak uluslararas\u0131 platformlarda iki \u00fclke aras\u0131nda koordinasyona \u00e7a\u011fr\u0131da bulundu.<\/p>\n<p style=\"text-align: justify\">Kendi y\u00f6n\u00fcnden Brezilya heyeti ba\u015fkan\u0131, Suriye&#8217;deki krizin siyasi \u00e7\u00f6z\u00fcm\u00fcne varmak hedefiyle \u00fclkesinin diyalo\u011fu destekledi\u011fini belirterek Brezilya&#8217;n\u0131n Suriye&#8217;ye dayat\u0131lan tek tarafl\u0131 zalim icraatlar\u0131 reddetti\u011fini ilan etti.<\/p>\n<p style=\"text-align: justify\">\u015eam&#8217;daki Brezilya B\u00fcy\u00fckel\u00e7ili\u011finin Suriye&#8217;deki ter\u00f6r sava\u015f\u0131na ra\u011fmen \u00e7al\u0131\u015fmalar\u0131n\u0131 s\u00fcrd\u00fcrd\u00fc\u011f\u00fcne i\u015faret ederek, \u00fclkesinin para yard\u0131mlar\u0131 ve insani yard\u0131mlar\u0131n sunulmas\u0131, yeniden imar ve in\u015fa s\u00fcrecine deste\u011fi kanal\u0131yla Suriyelilerin ac\u0131lar\u0131n\u0131 hafifletmeye \u00e7al\u0131\u015ft\u0131\u011f\u0131na dikkat \u00e7eken Senat\u00f6r Di Milo, Suriye halk\u0131n\u0131n ter\u00f6re kar\u015f\u0131 direni\u015fleri, Suriye&#8217;deki durumlar\u0131n iyile\u015fmesi ve tehcir edilen evlatlar\u0131n geri d\u00f6n\u00fc\u015flerini hat\u0131rlatt\u0131.<\/p>\n<p style=\"text-align: justify\">G\u00f6r\u00fc\u015fmeye Brezilya&#8217;n\u0131n \u015eam Maslahatg\u00fczar\u0131 Fabio Bitaloka, Suriye-Brezilya Dostluk Komitesi Ba\u015fkan\u0131 Be\u015f\u015far Yaz\u0131c\u0131, Mecliste Ulusal G\u00fcvenlik Komitesi Ba\u015fkan\u0131 Faysal Huri ve baz\u0131 milletvekilleri kat\u0131ld\u0131.<\/p>\n<p>S. \u015eahhut.<\/p>\n<p style=\"text-align: justify\">\n","protected":false},"excerpt":{"rendered":"<p>\u015eAM \u2013 Arap, D\u0131\u015fi\u015fleri ve Gurbet\u00e7i \u0130\u015fleri ile Suriye-Brezilya Dostluk komiteleri Halk Meclisinde Senat\u00f6r Fernando Di Milo ba\u015fkanl\u0131\u011f\u0131ndaki Brezilya Parlamento heyetiyle iki dost \u00fclke ve halklar\u0131 aras\u0131nda b\u00fct\u00fcn alanlarda y\u00fcksek \u00e7\u0131karlar\u0131 sa\u011flayacak \u015fekilde parlamento ili\u015fkilerini geli\u015ftirme yollar\u0131n\u0131 ele ald\u0131. Arap, D\u0131\u015fi\u015fleri ve Gurbet\u00e7i \u0130\u015fleri Komitesi Ba\u015fkan\u0131 Butros Mercane, Halk Meclisi ile Brezilya&#8217;daki Senato ve Parlamenter &hellip;<\/p>\n","protected":false},"author":1,"featured_media":164942,"comment_status":"closed","ping_status":"closed","sticky":false,"template":"","format":"standard","meta":{"footnotes":""},"categories":[1],"tags":[16591,22181],"class_list":["post-164938","post","type-post","status-publish","format-standard","has-post-thumbnail","","category-news-not-sorted","tag-suriye","tag-suriyeliler"],"_links":{"self":[{"href":"https:\/\/archive.sana.sy\/tr\/index.php?rest_route=\/wp\/v2\/posts\/164938","targetHints":{"allow":["GET"]}}],"collection":[{"href":"https:\/\/archive.sana.sy\/tr\/index.php?rest_route=\/wp\/v2\/posts"}],"about":[{"href":"https:\/\/archive.sana.sy\/tr\/index.php?rest_route=\/wp\/v2\/types\/post"}],"author":[{"embeddable":true,"href":"https:\/\/archive.sana.sy\/tr\/index.php?rest_route=\/wp\/v2\/users\/1"}],"replies":[{"embeddable":true,"href":"https:\/\/archive.sana.sy\/tr\/index.php?rest_route=%2Fwp%2Fv2%2Fcomments&post=164938"}],"version-history":[{"count":0,"href":"https:\/\/archive.sana.sy\/tr\/index.php?rest_route=\/wp\/v2\/posts\/164938\/revisions"}],"wp:featuredmedia":[{"embeddable":true,"href":"https:\/\/archive.sana.sy\/tr\/index.php?rest_route=\/wp\/v2\/media\/164942"}],"wp:attachment":[{"href":"https:\/\/archive.sana.sy\/tr\/index.php?rest_route=%2Fwp%2Fv2%2Fmedia&parent=164938"}],"wp:term":[{"taxonomy":"category","embeddable":true,"href":"https:\/\/archive.sana.sy\/tr\/index.php?rest_route=%2Fwp%2Fv2%2Fcategories&post=164938"},{"taxonomy":"post_tag","embeddable":true,"href":"https:\/\/archive.sana.sy\/tr\/index.php?rest_route=%2Fwp%2Fv2%2Ftags&post=164938"}],"curies":[{"name":"wp","href":"https:\/\/api.w.org\/{rel}","templated":true}]}}