{"id":164954,"date":"2018-11-04T12:00:59","date_gmt":"2018-11-04T10:00:59","guid":{"rendered":"https:\/\/www.sana.sy\/tr\/?p=164954"},"modified":"2018-11-05T13:34:11","modified_gmt":"2018-11-05T11:34:11","slug":"fransada-2-madalya-kazandi","status":"publish","type":"post","link":"https:\/\/archive.sana.sy\/tr\/?p=164954","title":{"rendered":"Fransa\u2019da 2 Madalya Kazand\u0131"},"content":{"rendered":"<p>PAR\u0130S \u2013 Suriyeli uluslar aras\u0131 y\u00fcz\u00fcc\u00fc Beyan Cuma Paris\u2019ta Frans\u0131z y\u00fczme kul\u00fcpleri \u015fampiyonas\u0131nda biri alt\u0131n di\u011feri bronz olmak \u00fczere 2 madalya kazand\u0131.<\/p>\n<p>Suriyeli \u015eampiyon Cuma 50 metre serbest y\u00fczmede alt\u0131n madalya kazan\u0131rken, 100 metrede de bronz madalya kazand\u0131.<\/p>\n<p>Cuma iki hafta \u00f6nce Uluslararas\u0131 Fransa Y\u00fczme Yar\u0131\u015flar\u0131nda bir g\u00fcm\u00fc\u015f madalya kazanm\u0131\u015ft\u0131.<\/p>\n","protected":false},"excerpt":{"rendered":"<p>PAR\u0130S \u2013 Suriyeli uluslar aras\u0131 y\u00fcz\u00fcc\u00fc Beyan Cuma Paris\u2019ta Frans\u0131z y\u00fczme kul\u00fcpleri \u015fampiyonas\u0131nda biri alt\u0131n di\u011feri bronz olmak \u00fczere 2 madalya kazand\u0131. Suriyeli \u015eampiyon Cuma 50 metre serbest y\u00fczmede alt\u0131n madalya kazan\u0131rken, 100 metrede de bronz madalya kazand\u0131. Cuma iki hafta \u00f6nce Uluslararas\u0131 Fransa Y\u00fczme Yar\u0131\u015flar\u0131nda bir g\u00fcm\u00fc\u015f madalya kazanm\u0131\u015ft\u0131.<\/p>\n","protected":false},"author":1,"featured_media":164955,"comment_status":"closed","ping_status":"closed","sticky":false,"template":"","format":"standard","meta":{"footnotes":""},"categories":[498,17988,496],"tags":[20359,37829,37830,29226,36576],"class_list":["post-164954","post","type-post","status-publish","format-standard","has-post-thumbnail","","category-dunya-turnuvalari","category-son-haberler","category-spor","tag-altin-madalya","tag-fransa-sampiyonasi","tag-milli-yuzucu","tag-suriyeli-sporcular","tag-suriyeli-yuzucu"],"_links":{"self":[{"href":"https:\/\/archive.sana.sy\/tr\/index.php?rest_route=\/wp\/v2\/posts\/164954","targetHints":{"allow":["GET"]}}],"collection":[{"href":"https:\/\/archive.sana.sy\/tr\/index.php?rest_route=\/wp\/v2\/posts"}],"about":[{"href":"https:\/\/archive.sana.sy\/tr\/index.php?rest_route=\/wp\/v2\/types\/post"}],"author":[{"embeddable":true,"href":"https:\/\/archive.sana.sy\/tr\/index.php?rest_route=\/wp\/v2\/users\/1"}],"replies":[{"embeddable":true,"href":"https:\/\/archive.sana.sy\/tr\/index.php?rest_route=%2Fwp%2Fv2%2Fcomments&post=164954"}],"version-history":[{"count":0,"href":"https:\/\/archive.sana.sy\/tr\/index.php?rest_route=\/wp\/v2\/posts\/164954\/revisions"}],"wp:featuredmedia":[{"embeddable":true,"href":"https:\/\/archive.sana.sy\/tr\/index.php?rest_route=\/wp\/v2\/media\/164955"}],"wp:attachment":[{"href":"https:\/\/archive.sana.sy\/tr\/index.php?rest_route=%2Fwp%2Fv2%2Fmedia&parent=164954"}],"wp:term":[{"taxonomy":"category","embeddable":true,"href":"https:\/\/archive.sana.sy\/tr\/index.php?rest_route=%2Fwp%2Fv2%2Fcategories&post=164954"},{"taxonomy":"post_tag","embeddable":true,"href":"https:\/\/archive.sana.sy\/tr\/index.php?rest_route=%2Fwp%2Fv2%2Ftags&post=164954"}],"curies":[{"name":"wp","href":"https:\/\/api.w.org\/{rel}","templated":true}]}}