{"id":165021,"date":"2018-11-05T12:30:39","date_gmt":"2018-11-05T10:30:39","guid":{"rendered":"https:\/\/www.sana.sy\/tr\/?p=165021"},"modified":"2018-11-06T15:02:32","modified_gmt":"2018-11-06T13:02:32","slug":"dunya-kupasinda-9-madalya-kazandik","status":"publish","type":"post","link":"https:\/\/archive.sana.sy\/tr\/?p=165021","title":{"rendered":"D\u00fcnya Kupas\u0131nda 9 Madalya Kazand\u0131k"},"content":{"rendered":"<p>BEYRUT \u2013 L\u00fcbnan\u2019\u0131n ba\u015fkenti Beyrut\u2019ta Muay Thai y\u00f6ntemiyle d\u00fczenlenen D\u00fcnya Kick Boks Kupas\u0131na kat\u0131lan Suriye tak\u0131m\u0131 toplam 9 madalya kazand\u0131.<\/p>\n<p><a href=\"https:\/\/www.sana.sy\/tr\/wp-content\/uploads\/2018\/11\/2-13.jpg\"><img loading=\"lazy\" decoding=\"async\" class=\"alignright wp-image-165030 size-medium\" src=\"https:\/\/www.sana.sy\/tr\/wp-content\/uploads\/2018\/11\/2-13-300x174.jpg\" alt=\"\" width=\"300\" height=\"174\" srcset=\"https:\/\/archive.sana.sy\/tr\/wp-content\/uploads\/2018\/11\/2-13-300x174.jpg 300w, https:\/\/archive.sana.sy\/tr\/wp-content\/uploads\/2018\/11\/2-13-150x87.jpg 150w, https:\/\/archive.sana.sy\/tr\/wp-content\/uploads\/2018\/11\/2-13.jpg 660w\" sizes=\"auto, (max-width: 300px) 100vw, 300px\" \/><\/a>Karate sporunun bir t\u00fcr\u00fc say\u0131lan s\u00f6z konusu spor dal\u0131nda Suriyeli sporcular 3 alt\u0131n, 5 g\u00fcm\u00fc\u015f ve 1 bronz madalya kazand\u0131.<\/p>\n<p>Suriyeli Kick Boks sporcular\u0131 iki hafta \u00f6nce Cezayir\u2019de d\u00fczenlenen Arap \u015eampiyonas\u0131nda ise 2 alt\u0131n madalya kazanm\u0131\u015flard\u0131.<\/p>\n","protected":false},"excerpt":{"rendered":"<p>BEYRUT \u2013 L\u00fcbnan\u2019\u0131n ba\u015fkenti Beyrut\u2019ta Muay Thai y\u00f6ntemiyle d\u00fczenlenen D\u00fcnya Kick Boks Kupas\u0131na kat\u0131lan Suriye tak\u0131m\u0131 toplam 9 madalya kazand\u0131. Karate sporunun bir t\u00fcr\u00fc say\u0131lan s\u00f6z konusu spor dal\u0131nda Suriyeli sporcular 3 alt\u0131n, 5 g\u00fcm\u00fc\u015f ve 1 bronz madalya kazand\u0131. Suriyeli Kick Boks sporcular\u0131 iki hafta \u00f6nce Cezayir\u2019de d\u00fczenlenen Arap \u015eampiyonas\u0131nda ise 2 alt\u0131n madalya &hellip;<\/p>\n","protected":false},"author":1,"featured_media":165029,"comment_status":"closed","ping_status":"closed","sticky":false,"template":"","format":"standard","meta":{"footnotes":""},"categories":[458,498,459,17988,496],"tags":[37852,37480,7729,37850,25714,37851,7321,37849,27728,29226],"class_list":["post-165021","post","type-post","status-publish","format-standard","has-post-thumbnail","","category-dunya1","category-dunya-turnuvalari","category-haberler-arap-uluslararasi-politika","category-son-haberler","category-spor","tag-1-bronz","tag-3-altin","tag-5-gumus","tag-9-madalya","tag-beyrut","tag-dunya-kick-boks-kupasi","tag-lubnan","tag-muay-thai","tag-suriye-takimi","tag-suriyeli-sporcular"],"_links":{"self":[{"href":"https:\/\/archive.sana.sy\/tr\/index.php?rest_route=\/wp\/v2\/posts\/165021","targetHints":{"allow":["GET"]}}],"collection":[{"href":"https:\/\/archive.sana.sy\/tr\/index.php?rest_route=\/wp\/v2\/posts"}],"about":[{"href":"https:\/\/archive.sana.sy\/tr\/index.php?rest_route=\/wp\/v2\/types\/post"}],"author":[{"embeddable":true,"href":"https:\/\/archive.sana.sy\/tr\/index.php?rest_route=\/wp\/v2\/users\/1"}],"replies":[{"embeddable":true,"href":"https:\/\/archive.sana.sy\/tr\/index.php?rest_route=%2Fwp%2Fv2%2Fcomments&post=165021"}],"version-history":[{"count":0,"href":"https:\/\/archive.sana.sy\/tr\/index.php?rest_route=\/wp\/v2\/posts\/165021\/revisions"}],"wp:featuredmedia":[{"embeddable":true,"href":"https:\/\/archive.sana.sy\/tr\/index.php?rest_route=\/wp\/v2\/media\/165029"}],"wp:attachment":[{"href":"https:\/\/archive.sana.sy\/tr\/index.php?rest_route=%2Fwp%2Fv2%2Fmedia&parent=165021"}],"wp:term":[{"taxonomy":"category","embeddable":true,"href":"https:\/\/archive.sana.sy\/tr\/index.php?rest_route=%2Fwp%2Fv2%2Fcategories&post=165021"},{"taxonomy":"post_tag","embeddable":true,"href":"https:\/\/archive.sana.sy\/tr\/index.php?rest_route=%2Fwp%2Fv2%2Ftags&post=165021"}],"curies":[{"name":"wp","href":"https:\/\/api.w.org\/{rel}","templated":true}]}}