{"id":165237,"date":"2018-11-07T23:29:36","date_gmt":"2018-11-07T21:29:36","guid":{"rendered":"https:\/\/www.sana.sy\/tr\/?p=165237"},"modified":"2018-11-09T12:32:26","modified_gmt":"2018-11-09T10:32:26","slug":"tenef-bolgesi-el-rukban-kampindaki-yardimlarin-teslimati-tamamlandi","status":"publish","type":"post","link":"https:\/\/archive.sana.sy\/tr\/?p=165237","title":{"rendered":"Tenf B\u00f6lgesi Rekban Kamp\u0131ndaki Yard\u0131mlar\u0131n Teslimat\u0131 Tamamland\u0131"},"content":{"rendered":"<p style=\"text-align: left\">\u015eAM \u2013 Suriye K\u0131z\u0131lay \u00d6rg\u00fct\u00fc ve Birle\u015fmi\u015f Milletler \u00e7al\u0131\u015fanlar\u0131; Homs k\u0131rsal\u0131nda \u00dcrd\u00fcn s\u0131n\u0131r\u0131na yak\u0131n d\u00fc\u015fen ve ABD g\u00fc\u00e7lerinin \u00e7\u0131k\u0131\u015flar\u0131 kapat\u0131p yard\u0131mlar\u0131n ula\u015ft\u0131r\u0131lmas\u0131n\u0131 engelledi\u011fi Tenf B\u00f6lgesi Rekban Kamp\u0131nda 50 bin ki\u015fiye yetecek insani ve t\u0131bbi yard\u0131m da\u011f\u0131t\u0131m\u0131n\u0131 tamamlad\u0131.<\/p>\n<p style=\"text-align: left\">Suriye K\u0131z\u0131lay \u00d6rg\u00fct\u00fc yay\u0131nlad\u0131\u011f\u0131 beyanda, K\u0131z\u0131lay ekiplerinin Rekban kamp\u0131nda daha \u00f6nce evlerinden ve b\u00f6lgelerinden tehcir edilip kampta ikamet eden Suriyelilere insani yard\u0131m teslimat\u0131n\u0131 tamamlad\u0131klar\u0131n\u0131 belirtti. Beyanda insani yard\u0131m teslimat\u0131n\u0131n kampta itimat edilen yerel komiteler kanal\u0131yla do\u011frudan yap\u0131ld\u0131\u011f\u0131na dikkat \u00e7ekildi.<\/p>\n<p style=\"text-align: left\">K\u0131z\u0131lay \u00d6rg\u00fct\u00fc uzman sa\u011fl\u0131k ekibinin ayn\u0131 zamanda kamp i\u00e7indeki \u00e7ocuklara 5 g\u00fcn boyunca a\u015f\u0131 kampanyas\u0131na devam ettiklerine dikkat \u00e7ekti. A\u015f\u0131 kampanyas\u0131n\u0131n \u00e7ocuk felci, k\u0131zam\u0131k, hepatit ve t\u00fcberk\u00fcloz hastal\u0131klar\u0131na kar\u015f\u0131 yap\u0131ld\u0131\u011f\u0131n\u0131 kaydetti.<\/p>\n","protected":false},"excerpt":{"rendered":"<p>\u015eAM \u2013 Suriye K\u0131z\u0131lay \u00d6rg\u00fct\u00fc ve Birle\u015fmi\u015f Milletler \u00e7al\u0131\u015fanlar\u0131; Homs k\u0131rsal\u0131nda \u00dcrd\u00fcn s\u0131n\u0131r\u0131na yak\u0131n d\u00fc\u015fen ve ABD g\u00fc\u00e7lerinin \u00e7\u0131k\u0131\u015flar\u0131 kapat\u0131p yard\u0131mlar\u0131n ula\u015ft\u0131r\u0131lmas\u0131n\u0131 engelledi\u011fi Tenf B\u00f6lgesi Rekban Kamp\u0131nda 50 bin ki\u015fiye yetecek insani ve t\u0131bbi yard\u0131m da\u011f\u0131t\u0131m\u0131n\u0131 tamamlad\u0131. Suriye K\u0131z\u0131lay \u00d6rg\u00fct\u00fc yay\u0131nlad\u0131\u011f\u0131 beyanda, K\u0131z\u0131lay ekiplerinin Rekban kamp\u0131nda daha \u00f6nce evlerinden ve b\u00f6lgelerinden tehcir edilip kampta ikamet &hellip;<\/p>\n","protected":false},"author":1,"featured_media":165238,"comment_status":"closed","ping_status":"closed","sticky":false,"template":"","format":"standard","meta":{"footnotes":""},"categories":[479,17988,478],"tags":[29636,18671,26047,6487,22181],"class_list":["post-165237","post","type-post","status-publish","format-standard","has-post-thumbnail","","category-haberler-yerel","category-son-haberler","category-yerel","tag-abd-gucleri","tag-kizilay-orgutu","tag-rekban-kampi","tag-suriye-kizilayi","tag-suriyeliler"],"_links":{"self":[{"href":"https:\/\/archive.sana.sy\/tr\/index.php?rest_route=\/wp\/v2\/posts\/165237","targetHints":{"allow":["GET"]}}],"collection":[{"href":"https:\/\/archive.sana.sy\/tr\/index.php?rest_route=\/wp\/v2\/posts"}],"about":[{"href":"https:\/\/archive.sana.sy\/tr\/index.php?rest_route=\/wp\/v2\/types\/post"}],"author":[{"embeddable":true,"href":"https:\/\/archive.sana.sy\/tr\/index.php?rest_route=\/wp\/v2\/users\/1"}],"replies":[{"embeddable":true,"href":"https:\/\/archive.sana.sy\/tr\/index.php?rest_route=%2Fwp%2Fv2%2Fcomments&post=165237"}],"version-history":[{"count":0,"href":"https:\/\/archive.sana.sy\/tr\/index.php?rest_route=\/wp\/v2\/posts\/165237\/revisions"}],"wp:featuredmedia":[{"embeddable":true,"href":"https:\/\/archive.sana.sy\/tr\/index.php?rest_route=\/wp\/v2\/media\/165238"}],"wp:attachment":[{"href":"https:\/\/archive.sana.sy\/tr\/index.php?rest_route=%2Fwp%2Fv2%2Fmedia&parent=165237"}],"wp:term":[{"taxonomy":"category","embeddable":true,"href":"https:\/\/archive.sana.sy\/tr\/index.php?rest_route=%2Fwp%2Fv2%2Fcategories&post=165237"},{"taxonomy":"post_tag","embeddable":true,"href":"https:\/\/archive.sana.sy\/tr\/index.php?rest_route=%2Fwp%2Fv2%2Ftags&post=165237"}],"curies":[{"name":"wp","href":"https:\/\/api.w.org\/{rel}","templated":true}]}}