{"id":165458,"date":"2018-11-11T16:37:03","date_gmt":"2018-11-11T14:37:03","guid":{"rendered":"https:\/\/www.sana.sy\/tr\/?p=165458"},"modified":"2018-11-12T14:50:38","modified_gmt":"2018-11-12T12:50:38","slug":"emlak-mulkiyetine-iliskin-kanun-yeniden-duzenleniyor","status":"publish","type":"post","link":"https:\/\/archive.sana.sy\/tr\/?p=165458","title":{"rendered":"Emlak M\u00fclkiyetine \u0130li\u015fkin Kanun Yeniden D\u00fczenleniyor"},"content":{"rendered":"<p>\u015eAM \u2013 Cumhurba\u015fkan\u0131 Be\u015f\u015far el Esad 2018\/10 say\u0131l\u0131 kanunname ve 2012\/66 say\u0131l\u0131 yasama karar\u0131n\u0131n bir k\u0131s\u0131m maddelerinin yeniden d\u00fczenlenmesini \u00f6ng\u00f6ren 2018\/42 say\u0131l\u0131 kanunnameyi onaylad\u0131.<\/p>\n<p>Yeni d\u00fczenlemeler Halk Meclisinin 06-11-2018 tarihli oturumunda milletvekilleri taraf\u0131ndan tart\u0131\u015f\u0131l\u0131p oylamayla kabul edilmeleri ard\u0131ndan anayasa gere\u011fince cumhurba\u015fkan\u0131 onay\u0131na sevk edilmi\u015fti.<\/p>\n<p>Yeni d\u00fczenlemelerde m\u00fclk sahiplerinin tapu kadastro ya da yetki sahibi ilgili kurumlarda kay\u0131tl\u0131 m\u00fclklerinin miras\u0131, tespiti ve benzeri resmi i\u015flemlerine ili\u015fkin icraatlar\u0131 yeniden d\u00fczenliyor.<\/p>\n","protected":false},"excerpt":{"rendered":"<p>\u015eAM \u2013 Cumhurba\u015fkan\u0131 Be\u015f\u015far el Esad 2018\/10 say\u0131l\u0131 kanunname ve 2012\/66 say\u0131l\u0131 yasama karar\u0131n\u0131n bir k\u0131s\u0131m maddelerinin yeniden d\u00fczenlenmesini \u00f6ng\u00f6ren 2018\/42 say\u0131l\u0131 kanunnameyi onaylad\u0131. Yeni d\u00fczenlemeler Halk Meclisinin 06-11-2018 tarihli oturumunda milletvekilleri taraf\u0131ndan tart\u0131\u015f\u0131l\u0131p oylamayla kabul edilmeleri ard\u0131ndan anayasa gere\u011fince cumhurba\u015fkan\u0131 onay\u0131na sevk edilmi\u015fti. Yeni d\u00fczenlemelerde m\u00fclk sahiplerinin tapu kadastro ya da yetki sahibi ilgili &hellip;<\/p>\n","protected":false},"author":1,"featured_media":158568,"comment_status":"closed","ping_status":"closed","sticky":false,"template":"","format":"standard","meta":{"footnotes":""},"categories":[479,605,17988,612,599,478],"tags":[19968,8767,37914,20113,18423,16591,24119,22181],"class_list":["post-165458","post","type-post","status-publish","format-standard","has-post-thumbnail","","category-haberler-yerel","category-sayin-cumhurbaskani","category-son-haberler","category-yasama-kararnameler","category-yasama-ve-kanunlar","category-yerel","tag-bessar-esad","tag-cumhurbaskani","tag-emlak-mulkiyeti","tag-esad","tag-kanunname","tag-suriye","tag-suriye-lideri","tag-suriyeliler"],"_links":{"self":[{"href":"https:\/\/archive.sana.sy\/tr\/index.php?rest_route=\/wp\/v2\/posts\/165458","targetHints":{"allow":["GET"]}}],"collection":[{"href":"https:\/\/archive.sana.sy\/tr\/index.php?rest_route=\/wp\/v2\/posts"}],"about":[{"href":"https:\/\/archive.sana.sy\/tr\/index.php?rest_route=\/wp\/v2\/types\/post"}],"author":[{"embeddable":true,"href":"https:\/\/archive.sana.sy\/tr\/index.php?rest_route=\/wp\/v2\/users\/1"}],"replies":[{"embeddable":true,"href":"https:\/\/archive.sana.sy\/tr\/index.php?rest_route=%2Fwp%2Fv2%2Fcomments&post=165458"}],"version-history":[{"count":0,"href":"https:\/\/archive.sana.sy\/tr\/index.php?rest_route=\/wp\/v2\/posts\/165458\/revisions"}],"wp:featuredmedia":[{"embeddable":true,"href":"https:\/\/archive.sana.sy\/tr\/index.php?rest_route=\/wp\/v2\/media\/158568"}],"wp:attachment":[{"href":"https:\/\/archive.sana.sy\/tr\/index.php?rest_route=%2Fwp%2Fv2%2Fmedia&parent=165458"}],"wp:term":[{"taxonomy":"category","embeddable":true,"href":"https:\/\/archive.sana.sy\/tr\/index.php?rest_route=%2Fwp%2Fv2%2Fcategories&post=165458"},{"taxonomy":"post_tag","embeddable":true,"href":"https:\/\/archive.sana.sy\/tr\/index.php?rest_route=%2Fwp%2Fv2%2Ftags&post=165458"}],"curies":[{"name":"wp","href":"https:\/\/api.w.org\/{rel}","templated":true}]}}