{"id":165503,"date":"2018-11-11T15:45:56","date_gmt":"2018-11-11T13:45:56","guid":{"rendered":"https:\/\/www.sana.sy\/tr\/?p=165503"},"modified":"2018-11-12T14:51:12","modified_gmt":"2018-11-12T12:51:12","slug":"ikili-iliskiler-muhtelif-alanlarda-gelistiriliyor","status":"publish","type":"post","link":"https:\/\/archive.sana.sy\/tr\/?p=165503","title":{"rendered":"\u0130kili \u0130li\u015fkiler Muhtelif Alanlarda Geli\u015ftiriliyor"},"content":{"rendered":"<p>\u015eAM \u2013 D\u0131\u015fi\u015fleri ve Gurbet\u00e7iler Bakan Yard\u0131mc\u0131s\u0131 Faysal Mikdat bug\u00fcn Irak D\u0131\u015fi\u015fleri Bakanl\u0131\u011f\u0131nda kom\u015fu \u00fclkeler departman\u0131 direkt\u00f6r\u00fc Udey Hayrullah ve Suriye ziyaretinde ona e\u015flik eden heyet ile bir araya geldi.<\/p>\n<p>Hayrullah Suriye&#8217;ye bulundu\u011fu ziyaretin iki karde\u015f ve dost \u00fclke aras\u0131nda i\u015fbirli\u011fi ve koordinasyona g\u00f6sterilen \u00f6zen kapsam\u0131nda geldi\u011fini ifade ederken iki \u00fclke aras\u0131nda muhtelif alanlarda b\u00fct\u00fcnle\u015fmeyi sa\u011flama gere\u011fini kaydetti.<\/p>\n<p><a href=\"https:\/\/www.sana.sy\/tr\/wp-content\/uploads\/2018\/11\/mikdat.jpg-1.jpg\"><img loading=\"lazy\" decoding=\"async\" class=\"alignright wp-image-165505 size-medium\" src=\"https:\/\/www.sana.sy\/tr\/wp-content\/uploads\/2018\/11\/mikdat.jpg-1-300x168.jpg\" alt=\"\" width=\"300\" height=\"168\" srcset=\"https:\/\/archive.sana.sy\/tr\/wp-content\/uploads\/2018\/11\/mikdat.jpg-1-300x168.jpg 300w, https:\/\/archive.sana.sy\/tr\/wp-content\/uploads\/2018\/11\/mikdat.jpg-1-150x84.jpg 150w, https:\/\/archive.sana.sy\/tr\/wp-content\/uploads\/2018\/11\/mikdat.jpg-1.jpg 660w\" sizes=\"auto, (max-width: 300px) 100vw, 300px\" \/><\/a>Irakl\u0131 yetkili Suriye&#8217;nin Irak ve Irakl\u0131lar a\u00e7\u0131s\u0131ndan gayet b\u00fcy\u00fck bir \u00f6nem ta\u015f\u0131d\u0131\u011f\u0131na dikkat \u00e7ekerken, Irak\u2019\u0131n kalk\u0131nsal ve ilerleme gereksinimlerinin kar\u015f\u0131lanmas\u0131nda ciddi bir rol oynad\u0131\u011f\u0131n\u0131 ifade etti.<\/p>\n<p>Bakan Yard\u0131mc\u0131s\u0131 Mikdat ise g\u00f6r\u00fc\u015fmede Suriye ve Irak aras\u0131ndaki ili\u015fkilerin farkl\u0131 alanlarda s\u00fcrekli geli\u015ftirildi\u011fini ifade ederken bu y\u00f6nde gereken t\u00fcm icraatlar\u0131n al\u0131naca\u011f\u0131n\u0131 s\u00f6yledi.<\/p>\n<p>Mikdat ter\u00f6re kar\u015f\u0131 sava\u015fta iki \u00fclke ordular\u0131 aras\u0131ndaki daimi koordinasyona dikkat \u00e7ekerken, iki \u00fclkenin her kar\u0131\u015f topra\u011f\u0131n\u0131n ter\u00f6rden kurtar\u0131lmas\u0131na azimli olduklar\u0131n\u0131 vurgulad\u0131.<\/p>\n<p>\u0130ki \u00fclke aras\u0131ndaki s\u0131n\u0131r kap\u0131lar\u0131n\u0131n yeniden hizmete a\u00e7\u0131lmalar\u0131n\u0131n te\u015fkil etti\u011fi ciddi \u00f6nemi ifade eden Mikdat; iki \u00fclke ve halklar\u0131n\u0131n ekonomilerinin hareketlenmesi ve ticari al\u0131\u015fveri\u015f a\u00e7\u0131s\u0131ndan \u00f6nemli f\u0131rsat temin etti\u011fini s\u00f6yledi.<\/p>\n<p>Irakl\u0131 konuk heyet g\u00fcn\u00fcn erken saatlerinde D\u0131\u015fi\u015fleri ve Gurbet\u00e7iler Bakan Asistan\u0131 Ahmet Arnus ile geni\u015f temaslarda bulunmu\u015ftu.<\/p>\n","protected":false},"excerpt":{"rendered":"<p>\u015eAM \u2013 D\u0131\u015fi\u015fleri ve Gurbet\u00e7iler Bakan Yard\u0131mc\u0131s\u0131 Faysal Mikdat bug\u00fcn Irak D\u0131\u015fi\u015fleri Bakanl\u0131\u011f\u0131nda kom\u015fu \u00fclkeler departman\u0131 direkt\u00f6r\u00fc Udey Hayrullah ve Suriye ziyaretinde ona e\u015flik eden heyet ile bir araya geldi. Hayrullah Suriye&#8217;ye bulundu\u011fu ziyaretin iki karde\u015f ve dost \u00fclke aras\u0131nda i\u015fbirli\u011fi ve koordinasyona g\u00f6sterilen \u00f6zen kapsam\u0131nda geldi\u011fini ifade ederken iki \u00fclke aras\u0131nda muhtelif alanlarda b\u00fct\u00fcnle\u015fmeyi &hellip;<\/p>\n","protected":false},"author":1,"featured_media":165504,"comment_status":"closed","ping_status":"closed","sticky":false,"template":"","format":"standard","meta":{"footnotes":""},"categories":[479,17988,478],"tags":[25524,1978,21712,16591,37913],"class_list":["post-165503","post","type-post","status-publish","format-standard","has-post-thumbnail","","category-haberler-yerel","category-son-haberler","category-yerel","tag-disisleri-ve-gurbetciler-bakan-yardimcisi-faysal-mikdat","tag-irak","tag-irak-disisleri-bakanligi","tag-suriye","tag-udey-hayrullah"],"_links":{"self":[{"href":"https:\/\/archive.sana.sy\/tr\/index.php?rest_route=\/wp\/v2\/posts\/165503","targetHints":{"allow":["GET"]}}],"collection":[{"href":"https:\/\/archive.sana.sy\/tr\/index.php?rest_route=\/wp\/v2\/posts"}],"about":[{"href":"https:\/\/archive.sana.sy\/tr\/index.php?rest_route=\/wp\/v2\/types\/post"}],"author":[{"embeddable":true,"href":"https:\/\/archive.sana.sy\/tr\/index.php?rest_route=\/wp\/v2\/users\/1"}],"replies":[{"embeddable":true,"href":"https:\/\/archive.sana.sy\/tr\/index.php?rest_route=%2Fwp%2Fv2%2Fcomments&post=165503"}],"version-history":[{"count":0,"href":"https:\/\/archive.sana.sy\/tr\/index.php?rest_route=\/wp\/v2\/posts\/165503\/revisions"}],"wp:featuredmedia":[{"embeddable":true,"href":"https:\/\/archive.sana.sy\/tr\/index.php?rest_route=\/wp\/v2\/media\/165504"}],"wp:attachment":[{"href":"https:\/\/archive.sana.sy\/tr\/index.php?rest_route=%2Fwp%2Fv2%2Fmedia&parent=165503"}],"wp:term":[{"taxonomy":"category","embeddable":true,"href":"https:\/\/archive.sana.sy\/tr\/index.php?rest_route=%2Fwp%2Fv2%2Fcategories&post=165503"},{"taxonomy":"post_tag","embeddable":true,"href":"https:\/\/archive.sana.sy\/tr\/index.php?rest_route=%2Fwp%2Fv2%2Ftags&post=165503"}],"curies":[{"name":"wp","href":"https:\/\/api.w.org\/{rel}","templated":true}]}}