{"id":165508,"date":"2018-11-11T23:06:15","date_gmt":"2018-11-11T21:06:15","guid":{"rendered":"https:\/\/sana.sy\/tr\/?p=165508"},"modified":"2018-11-13T12:40:47","modified_gmt":"2018-11-13T10:40:47","slug":"deyrezzor-kirsalinda-amerikan-koalisyonu-yeni-bir-katliama-daha-imza-atti-2-cocuk-ve-2-kadin-sehit-oldu","status":"publish","type":"post","link":"https:\/\/archive.sana.sy\/tr\/?p=165508","title":{"rendered":"Amerikan Koalisyonu Yeni Bir Katliama Daha \u0130mza Att\u0131"},"content":{"rendered":"<p>DEYREZZOR \u2013 ABD liderli\u011findeki s\u00f6zde &#8220;Uluslararas\u0131 Koalisyon&#8221; &#8220;I\u015e\u0130D&#8221; ter\u00f6ristleriyle m\u00fccadele bahanesiyle Suriye topraklar\u0131na y\u00f6nelik sald\u0131rganl\u0131\u011f\u0131n\u0131 s\u00fcrd\u00fcrd\u00fc.<\/p>\n<p>Deyrezzor do\u011fu k\u0131rsal\u0131ndaki Hecin Beldesine y\u00f6nelik bombard\u0131manlar\u0131nda 2 \u00e7ocuk ve 2 kad\u0131n\u0131n \u015fehit d\u00fc\u015fmesiyle yeni bir katliama daha imza att\u0131.<\/p>\n<p>Deyrezzor&#8217;daki sivil kaynaklar SANA muhabirine a\u00e7\u0131klamalar\u0131nda, ABD liderli\u011findeki &#8220;Uluslararas\u0131 Koalisyon&#8221;a ba\u011fl\u0131 u\u00e7aklar\u0131n, Hecin Beldesindeki sivil yerle\u015fim mahallelerini bombalad\u0131\u011f\u0131n\u0131 bunun sonucunda yeni bir katliama imza atarak 2 \u00e7ocuk ve 2 kad\u0131n\u0131n \u015fehit d\u00fc\u015ft\u00fcklerini s\u00f6yledi.<\/p>\n<p>Kaynaklar, &#8220;koalisyon&#8221; u\u00e7aklar\u0131n\u0131n beldede sivillerin evlerini vurmaya taamm\u00fct etti\u011fini bunu da I\u015e\u0130D ter\u00f6ristlerini hedef alma gerek\u00e7esiyle yapt\u0131\u011f\u0131na dikkat \u00e7ekerek, koalisyon sald\u0131r\u0131lar\u0131n\u0131n y\u00fczlerce sivilin tehcir edilmesine yol a\u00e7t\u0131\u011f\u0131n\u0131 ve bu insanlar\u0131n \u015fu anda evlerinin y\u0131k\u0131lmas\u0131 sebebiyle evsiz barks\u0131z kald\u0131klar\u0131na i\u015faret etti.<\/p>\n<p>S. \u015eahhut.<\/p>\n","protected":false},"excerpt":{"rendered":"<p>DEYREZZOR \u2013 ABD liderli\u011findeki s\u00f6zde &#8220;Uluslararas\u0131 Koalisyon&#8221; &#8220;I\u015e\u0130D&#8221; ter\u00f6ristleriyle m\u00fccadele bahanesiyle Suriye topraklar\u0131na y\u00f6nelik sald\u0131rganl\u0131\u011f\u0131n\u0131 s\u00fcrd\u00fcrd\u00fc. Deyrezzor do\u011fu k\u0131rsal\u0131ndaki Hecin Beldesine y\u00f6nelik bombard\u0131manlar\u0131nda 2 \u00e7ocuk ve 2 kad\u0131n\u0131n \u015fehit d\u00fc\u015fmesiyle yeni bir katliama daha imza att\u0131. Deyrezzor&#8217;daki sivil kaynaklar SANA muhabirine a\u00e7\u0131klamalar\u0131nda, ABD liderli\u011findeki &#8220;Uluslararas\u0131 Koalisyon&#8221;a ba\u011fl\u0131 u\u00e7aklar\u0131n, Hecin Beldesindeki sivil yerle\u015fim mahallelerini bombalad\u0131\u011f\u0131n\u0131 bunun &hellip;<\/p>\n","protected":false},"author":1,"featured_media":165509,"comment_status":"closed","ping_status":"closed","sticky":false,"template":"","format":"standard","meta":{"footnotes":""},"categories":[479,575,17988,478],"tags":[2318,22518,18174,31673,22181],"class_list":["post-165508","post","type-post","status-publish","format-standard","has-post-thumbnail","","category-haberler-yerel","category-olaylar-ve-gercekler","category-son-haberler","category-yerel","tag-isid","tag-koalisyon-gucleri","tag-sivillere-saldiri","tag-sivilleri-bombalama","tag-suriyeliler"],"_links":{"self":[{"href":"https:\/\/archive.sana.sy\/tr\/index.php?rest_route=\/wp\/v2\/posts\/165508","targetHints":{"allow":["GET"]}}],"collection":[{"href":"https:\/\/archive.sana.sy\/tr\/index.php?rest_route=\/wp\/v2\/posts"}],"about":[{"href":"https:\/\/archive.sana.sy\/tr\/index.php?rest_route=\/wp\/v2\/types\/post"}],"author":[{"embeddable":true,"href":"https:\/\/archive.sana.sy\/tr\/index.php?rest_route=\/wp\/v2\/users\/1"}],"replies":[{"embeddable":true,"href":"https:\/\/archive.sana.sy\/tr\/index.php?rest_route=%2Fwp%2Fv2%2Fcomments&post=165508"}],"version-history":[{"count":0,"href":"https:\/\/archive.sana.sy\/tr\/index.php?rest_route=\/wp\/v2\/posts\/165508\/revisions"}],"wp:featuredmedia":[{"embeddable":true,"href":"https:\/\/archive.sana.sy\/tr\/index.php?rest_route=\/wp\/v2\/media\/165509"}],"wp:attachment":[{"href":"https:\/\/archive.sana.sy\/tr\/index.php?rest_route=%2Fwp%2Fv2%2Fmedia&parent=165508"}],"wp:term":[{"taxonomy":"category","embeddable":true,"href":"https:\/\/archive.sana.sy\/tr\/index.php?rest_route=%2Fwp%2Fv2%2Fcategories&post=165508"},{"taxonomy":"post_tag","embeddable":true,"href":"https:\/\/archive.sana.sy\/tr\/index.php?rest_route=%2Fwp%2Fv2%2Ftags&post=165508"}],"curies":[{"name":"wp","href":"https:\/\/api.w.org\/{rel}","templated":true}]}}