{"id":165526,"date":"2018-11-12T13:03:50","date_gmt":"2018-11-12T11:03:50","guid":{"rendered":"https:\/\/www.sana.sy\/tr\/?p=165526"},"modified":"2018-11-13T12:40:21","modified_gmt":"2018-11-13T10:40:21","slug":"israil-bombardimaninda-filistinli-filistinli-bircok-kisi-sehit-ve-yarali-dustu","status":"publish","type":"post","link":"https:\/\/archive.sana.sy\/tr\/?p=165526","title":{"rendered":"\u0130srail Bombard\u0131man\u0131nda Filistinli Filistinli Bir\u00e7ok Ki\u015fi \u015eehit ve Yaral\u0131 D\u00fc\u015ft\u00fc"},"content":{"rendered":"<p>KUD\u00dcS \u2013 \u0130\u015fgalci \u0130srail&#8217;e tabi sava\u015f u\u00e7aklar\u0131n bug\u00fcn erken saatlerde Gazze Kesiminin g\u00fcneyinde yer alan Hezzaa B\u00f6lgesini bombalamalar\u0131 sonucunda Filistinli bir ki\u015fi \u015fehit d\u00fc\u015ft\u00fc.<\/p>\n<p>Filistinli Maa Haber Ajans\u0131 Filistinli t\u0131bbi kaynaklardan naklen aktard\u0131\u011f\u0131 haberde \u0130srail sava\u015f u\u00e7aklar\u0131n\u0131n bombard\u0131man\u0131 sonucunda \u00d6mer Naci M\u00fcslim adl\u0131 Filistinlinin \u015fehit d\u00fc\u015ft\u00fc\u011f\u00fcn\u00fc ifade etti.<\/p>\n<p>\u0130srailli sava\u015f u\u00e7aklar\u0131n Hezzaa B\u00f6lgesini bombalamalar\u0131 sonucunda Filistinli 6 ki\u015fi \u015fehit d\u00fc\u015fm\u00fc\u015f, 7 ki\u015fi de yaralanm\u0131\u015flard\u0131.<\/p>\n<p>Di\u011fer yandan \u0130srail i\u015fgal otoritelerine ait medya ara\u00e7lar\u0131 Gazze Kesiminin g\u00fcneyinde meydana gelen \u00e7at\u0131\u015fmada \u0130srailli bir subay\u0131n \u00f6ld\u00fc\u011f\u00fcn\u00fc, bir di\u011fer subay\u0131n da yaraland\u0131\u011f\u0131n\u0131 ilan etmi\u015fti.<\/p>\n<p>Bu arada 10 y\u0131ldan fazla s\u00fcredir Gazze Kesiminde 2 milyondan fazla Filistinli vatanda\u015f \u0130srail&#8217;in s\u0131k\u0131 ablukas\u0131 i\u00e7inde insanl\u0131k d\u0131\u015f\u0131 ko\u015fullar i\u00e7inde ya\u015f\u0131yor.<\/p>\n","protected":false},"excerpt":{"rendered":"<p>KUD\u00dcS \u2013 \u0130\u015fgalci \u0130srail&#8217;e tabi sava\u015f u\u00e7aklar\u0131n bug\u00fcn erken saatlerde Gazze Kesiminin g\u00fcneyinde yer alan Hezzaa B\u00f6lgesini bombalamalar\u0131 sonucunda Filistinli bir ki\u015fi \u015fehit d\u00fc\u015ft\u00fc. Filistinli Maa Haber Ajans\u0131 Filistinli t\u0131bbi kaynaklardan naklen aktard\u0131\u011f\u0131 haberde \u0130srail sava\u015f u\u00e7aklar\u0131n\u0131n bombard\u0131man\u0131 sonucunda \u00d6mer Naci M\u00fcslim adl\u0131 Filistinlinin \u015fehit d\u00fc\u015ft\u00fc\u011f\u00fcn\u00fc ifade etti. \u0130srailli sava\u015f u\u00e7aklar\u0131n Hezzaa B\u00f6lgesini bombalamalar\u0131 sonucunda &hellip;<\/p>\n","protected":false},"author":1,"featured_media":165527,"comment_status":"closed","ping_status":"closed","sticky":false,"template":"","format":"standard","meta":{"footnotes":""},"categories":[458,459,17988],"tags":[6737,29762,4985,5614,25170,10261,31673],"class_list":["post-165526","post","type-post","status-publish","format-standard","has-post-thumbnail","","category-dunya1","category-haberler-arap-uluslararasi-politika","category-son-haberler","tag-filistin","tag-filistinliler","tag-gazze","tag-israil","tag-israil-ucaklari","tag-kudus","tag-sivilleri-bombalama"],"_links":{"self":[{"href":"https:\/\/archive.sana.sy\/tr\/index.php?rest_route=\/wp\/v2\/posts\/165526","targetHints":{"allow":["GET"]}}],"collection":[{"href":"https:\/\/archive.sana.sy\/tr\/index.php?rest_route=\/wp\/v2\/posts"}],"about":[{"href":"https:\/\/archive.sana.sy\/tr\/index.php?rest_route=\/wp\/v2\/types\/post"}],"author":[{"embeddable":true,"href":"https:\/\/archive.sana.sy\/tr\/index.php?rest_route=\/wp\/v2\/users\/1"}],"replies":[{"embeddable":true,"href":"https:\/\/archive.sana.sy\/tr\/index.php?rest_route=%2Fwp%2Fv2%2Fcomments&post=165526"}],"version-history":[{"count":0,"href":"https:\/\/archive.sana.sy\/tr\/index.php?rest_route=\/wp\/v2\/posts\/165526\/revisions"}],"wp:featuredmedia":[{"embeddable":true,"href":"https:\/\/archive.sana.sy\/tr\/index.php?rest_route=\/wp\/v2\/media\/165527"}],"wp:attachment":[{"href":"https:\/\/archive.sana.sy\/tr\/index.php?rest_route=%2Fwp%2Fv2%2Fmedia&parent=165526"}],"wp:term":[{"taxonomy":"category","embeddable":true,"href":"https:\/\/archive.sana.sy\/tr\/index.php?rest_route=%2Fwp%2Fv2%2Fcategories&post=165526"},{"taxonomy":"post_tag","embeddable":true,"href":"https:\/\/archive.sana.sy\/tr\/index.php?rest_route=%2Fwp%2Fv2%2Ftags&post=165526"}],"curies":[{"name":"wp","href":"https:\/\/api.w.org\/{rel}","templated":true}]}}