{"id":165543,"date":"2018-11-12T13:35:24","date_gmt":"2018-11-12T11:35:24","guid":{"rendered":"https:\/\/www.sana.sy\/tr\/?p=165543"},"modified":"2018-11-13T12:39:07","modified_gmt":"2018-11-13T10:39:07","slug":"suriye-dunya-kupasinda-5-oldu","status":"publish","type":"post","link":"https:\/\/archive.sana.sy\/tr\/?p=165543","title":{"rendered":"Suriye D\u00fcnya Kupas\u0131nda 5. Oldu"},"content":{"rendered":"<p>B\u00dcKRE\u015e \u2013 Romanya\u2019n\u0131n ba\u015fkenti B\u00fckre\u015f\u2019te d\u00fczenlenmekte olan D\u00fcnya Kupas\u0131na kat\u0131lan Suriye ekibinde sambo oyuncusu Munir G\u0131sn d\u00fcnya be\u015fincisi oldu.<\/p>\n<p>Uluslar aras\u0131 d\u00fczeyde \u00fc\u00e7\u00fcnc\u00fc kat\u0131l\u0131m\u0131n\u0131 ger\u00e7ekle\u015ftiren G\u0131sn SANA muhabirine yapt\u0131\u011f\u0131 a\u00e7\u0131klamada; yar\u0131\u015fmada d\u00fcnyan\u0131n farkl\u0131 \u00fclkelerinden profesyonel sporcularla g\u00fc\u00e7l\u00fc bir rekabette bulundu\u011funu s\u00f6yledi.<\/p>\n<p>G\u0131sn yar\u0131\u015fmada Belarus ve Litvanyal\u0131 rakiplerini ma\u011flup etti\u011fini ifade ederken, Mo\u011folistanl\u0131 rakibi kar\u015f\u0131s\u0131nda da \u00e7ok basit bir farkla ma\u011flup d\u00fc\u015f\u00fcp kupada be\u015finci s\u0131ray\u0131 kazand\u0131\u011f\u0131n\u0131 a\u00e7\u0131klad\u0131.<\/p>\n","protected":false},"excerpt":{"rendered":"<p>B\u00dcKRE\u015e \u2013 Romanya\u2019n\u0131n ba\u015fkenti B\u00fckre\u015f\u2019te d\u00fczenlenmekte olan D\u00fcnya Kupas\u0131na kat\u0131lan Suriye ekibinde sambo oyuncusu Munir G\u0131sn d\u00fcnya be\u015fincisi oldu. Uluslar aras\u0131 d\u00fczeyde \u00fc\u00e7\u00fcnc\u00fc kat\u0131l\u0131m\u0131n\u0131 ger\u00e7ekle\u015ftiren G\u0131sn SANA muhabirine yapt\u0131\u011f\u0131 a\u00e7\u0131klamada; yar\u0131\u015fmada d\u00fcnyan\u0131n farkl\u0131 \u00fclkelerinden profesyonel sporcularla g\u00fc\u00e7l\u00fc bir rekabette bulundu\u011funu s\u00f6yledi. G\u0131sn yar\u0131\u015fmada Belarus ve Litvanyal\u0131 rakiplerini ma\u011flup etti\u011fini ifade ederken, Mo\u011folistanl\u0131 rakibi kar\u015f\u0131s\u0131nda da &hellip;<\/p>\n","protected":false},"author":1,"featured_media":165544,"comment_status":"closed","ping_status":"closed","sticky":false,"template":"","format":"standard","meta":{"footnotes":""},"categories":[498,17988,496],"tags":[28585,37920,29226,22181],"class_list":["post-165543","post","type-post","status-publish","format-standard","has-post-thumbnail","","category-dunya-turnuvalari","category-son-haberler","category-spor","tag-dunya-kupasi","tag-sambo-sporu","tag-suriyeli-sporcular","tag-suriyeliler"],"_links":{"self":[{"href":"https:\/\/archive.sana.sy\/tr\/index.php?rest_route=\/wp\/v2\/posts\/165543","targetHints":{"allow":["GET"]}}],"collection":[{"href":"https:\/\/archive.sana.sy\/tr\/index.php?rest_route=\/wp\/v2\/posts"}],"about":[{"href":"https:\/\/archive.sana.sy\/tr\/index.php?rest_route=\/wp\/v2\/types\/post"}],"author":[{"embeddable":true,"href":"https:\/\/archive.sana.sy\/tr\/index.php?rest_route=\/wp\/v2\/users\/1"}],"replies":[{"embeddable":true,"href":"https:\/\/archive.sana.sy\/tr\/index.php?rest_route=%2Fwp%2Fv2%2Fcomments&post=165543"}],"version-history":[{"count":0,"href":"https:\/\/archive.sana.sy\/tr\/index.php?rest_route=\/wp\/v2\/posts\/165543\/revisions"}],"wp:featuredmedia":[{"embeddable":true,"href":"https:\/\/archive.sana.sy\/tr\/index.php?rest_route=\/wp\/v2\/media\/165544"}],"wp:attachment":[{"href":"https:\/\/archive.sana.sy\/tr\/index.php?rest_route=%2Fwp%2Fv2%2Fmedia&parent=165543"}],"wp:term":[{"taxonomy":"category","embeddable":true,"href":"https:\/\/archive.sana.sy\/tr\/index.php?rest_route=%2Fwp%2Fv2%2Fcategories&post=165543"},{"taxonomy":"post_tag","embeddable":true,"href":"https:\/\/archive.sana.sy\/tr\/index.php?rest_route=%2Fwp%2Fv2%2Ftags&post=165543"}],"curies":[{"name":"wp","href":"https:\/\/api.w.org\/{rel}","templated":true}]}}