{"id":16566,"date":"2014-11-11T09:58:56","date_gmt":"2014-11-11T07:58:56","guid":{"rendered":"http:\/\/www.sana.sy\/tr\/?p=16566"},"modified":"2014-11-26T10:01:16","modified_gmt":"2014-11-26T08:01:16","slug":"cumhurbaskani-el-esad-bm-suriye-ozel-temsilcisi-misturayi-kabul-ediyor","status":"publish","type":"post","link":"https:\/\/archive.sana.sy\/tr\/?p=16566","title":{"rendered":"Cumhurba\u015fkan\u0131 el Esad BM Suriye \u00d6zel Temsilcisi Mistura\u2019y\u0131 Kabul Ediyor"},"content":{"rendered":"<div id='gallery-1' class='gallery galleryid-16566 gallery-columns-2 gallery-size-thumbnail'><figure class='gallery-item'>\n\t\t\t<div class='gallery-icon landscape'>\n\t\t\t\t<a href='https:\/\/archive.sana.sy\/tr\/wp-content\/uploads\/2014\/11\/el-Esad-23.jpg'><img loading=\"lazy\" decoding=\"async\" width=\"150\" height=\"57\" src=\"https:\/\/archive.sana.sy\/tr\/wp-content\/uploads\/2014\/11\/el-Esad-23-150x57.jpg\" class=\"attachment-thumbnail size-thumbnail\" alt=\"\" aria-describedby=\"gallery-1-16568\" srcset=\"https:\/\/archive.sana.sy\/tr\/wp-content\/uploads\/2014\/11\/el-Esad-23-150x57.jpg 150w, https:\/\/archive.sana.sy\/tr\/wp-content\/uploads\/2014\/11\/el-Esad-23-300x114.jpg 300w, https:\/\/archive.sana.sy\/tr\/wp-content\/uploads\/2014\/11\/el-Esad-23-1024x391.jpg 1024w\" sizes=\"auto, (max-width: 150px) 100vw, 150px\" \/><\/a>\n\t\t\t<\/div>\n\t\t\t\t<figcaption class='wp-caption-text gallery-caption' id='gallery-1-16568'>\n\t\t\t\t1\n\t\t\t\t<\/figcaption><\/figure><figure class='gallery-item'>\n\t\t\t<div class='gallery-icon portrait'>\n\t\t\t\t<a href='https:\/\/archive.sana.sy\/tr\/wp-content\/uploads\/2014\/11\/el-Esad-31.jpg'><img loading=\"lazy\" decoding=\"async\" width=\"121\" height=\"150\" src=\"https:\/\/archive.sana.sy\/tr\/wp-content\/uploads\/2014\/11\/el-Esad-31-121x150.jpg\" class=\"attachment-thumbnail size-thumbnail\" alt=\"\" aria-describedby=\"gallery-1-16569\" srcset=\"https:\/\/archive.sana.sy\/tr\/wp-content\/uploads\/2014\/11\/el-Esad-31-121x150.jpg 121w, https:\/\/archive.sana.sy\/tr\/wp-content\/uploads\/2014\/11\/el-Esad-31-243x300.jpg 243w, https:\/\/archive.sana.sy\/tr\/wp-content\/uploads\/2014\/11\/el-Esad-31-830x1024.jpg 830w\" sizes=\"auto, (max-width: 121px) 100vw, 121px\" \/><\/a>\n\t\t\t<\/div>\n\t\t\t\t<figcaption class='wp-caption-text gallery-caption' id='gallery-1-16569'>\n\t\t\t\t2\n\t\t\t\t<\/figcaption><\/figure>\n\t\t<\/div>\n\n","protected":false},"excerpt":{"rendered":"","protected":false},"author":1,"featured_media":16567,"comment_status":"closed","ping_status":"closed","sticky":false,"template":"","format":"standard","meta":{"footnotes":""},"categories":[6459],"tags":[6575],"class_list":["post-16566","post","type-post","status-publish","format-standard","has-post-thumbnail","","category-sana-fotolarl","tag-cumhurbaskani-el-esad-bm-suriye-ozel-temsilcisi-misturayi-kabul-ediyor"],"_links":{"self":[{"href":"https:\/\/archive.sana.sy\/tr\/index.php?rest_route=\/wp\/v2\/posts\/16566","targetHints":{"allow":["GET"]}}],"collection":[{"href":"https:\/\/archive.sana.sy\/tr\/index.php?rest_route=\/wp\/v2\/posts"}],"about":[{"href":"https:\/\/archive.sana.sy\/tr\/index.php?rest_route=\/wp\/v2\/types\/post"}],"author":[{"embeddable":true,"href":"https:\/\/archive.sana.sy\/tr\/index.php?rest_route=\/wp\/v2\/users\/1"}],"replies":[{"embeddable":true,"href":"https:\/\/archive.sana.sy\/tr\/index.php?rest_route=%2Fwp%2Fv2%2Fcomments&post=16566"}],"version-history":[{"count":0,"href":"https:\/\/archive.sana.sy\/tr\/index.php?rest_route=\/wp\/v2\/posts\/16566\/revisions"}],"wp:featuredmedia":[{"embeddable":true,"href":"https:\/\/archive.sana.sy\/tr\/index.php?rest_route=\/wp\/v2\/media\/16567"}],"wp:attachment":[{"href":"https:\/\/archive.sana.sy\/tr\/index.php?rest_route=%2Fwp%2Fv2%2Fmedia&parent=16566"}],"wp:term":[{"taxonomy":"category","embeddable":true,"href":"https:\/\/archive.sana.sy\/tr\/index.php?rest_route=%2Fwp%2Fv2%2Fcategories&post=16566"},{"taxonomy":"post_tag","embeddable":true,"href":"https:\/\/archive.sana.sy\/tr\/index.php?rest_route=%2Fwp%2Fv2%2Ftags&post=16566"}],"curies":[{"name":"wp","href":"https:\/\/api.w.org\/{rel}","templated":true}]}}