{"id":166367,"date":"2018-11-21T22:29:45","date_gmt":"2018-11-21T20:29:45","guid":{"rendered":"https:\/\/sana.sy\/tr\/?p=166367"},"modified":"2018-11-22T12:50:23","modified_gmt":"2018-11-22T10:50:23","slug":"abhazyada-daimi-suriye-el-sanatlari-evi-kuruluyor","status":"publish","type":"post","link":"https:\/\/archive.sana.sy\/tr\/?p=166367","title":{"rendered":"Abhazya&#8217;da Daimi Suriye El Sanatlar\u0131 Evi Kuruluyor"},"content":{"rendered":"<p style=\"text-align: justify\">SOHOM\u0130 \u2013 ABHAZYA &#8211; Suriye Zanaatkarlar Birlikleri Sendikas\u0131 heyeti Abhazya&#8217;n\u0131n Avrupal\u0131 turistler i\u00e7in \u00f6nemli bir u\u011frak yeri olmas\u0131 itibariyle, Suriye el sanatlar\u0131n\u0131n Rusya Federasyonu ve Avrupa pazarlar\u0131na eri\u015fim sa\u011flanmas\u0131 amac\u0131yla Abhazya Sanayi ve Ticaret Odas\u0131 ile Abhazya&#8217;da kal\u0131c\u0131 bir Suriyeli el sanatlar\u0131 evinin kurulmas\u0131 konusunda anla\u015fmaya vard\u0131.<\/p>\n<p style=\"text-align: justify\">S\u00f6z konusu anla\u015fma Abhazya&#8217;da bug\u00fcn d\u00fczenlenen ve Zanaatlar Birli\u011finin kat\u0131ld\u0131\u011f\u0131\u00a0 \u00fc\u00e7 g\u00fcnl\u00fck Suriye El Sanatlar\u0131 \u00dcr\u00fcnlerine \u00f6zel Turizm Sempozyum Faaliyetlerinin kapan\u0131\u015f g\u00fcn\u00fcnde geldi.<\/p>\n<p style=\"text-align: justify\">Abhazya&#8217;n\u0131n Ba\u015fkenti Sohomi&#8217;de \u0130nter Otelde d\u00fczenlenen fuardaki Suriye kat\u0131l\u0131m\u0131 150 metre karelik alanda 33 el sanat\u0131yla kat\u0131ld\u0131.<\/p>\n<p>S. \u015eahhut.<\/p>\n<div id='gallery-1' class='gallery galleryid-166367 gallery-columns-2 gallery-size-thumbnail'><figure class='gallery-item'>\n\t\t\t<div class='gallery-icon landscape'>\n\t\t\t\t<a href='https:\/\/archive.sana.sy\/tr\/wp-content\/uploads\/2018\/11\/72-2.jpg'><img loading=\"lazy\" decoding=\"async\" width=\"150\" height=\"97\" src=\"https:\/\/archive.sana.sy\/tr\/wp-content\/uploads\/2018\/11\/72-2-150x97.jpg\" class=\"attachment-thumbnail size-thumbnail\" alt=\"\" srcset=\"https:\/\/archive.sana.sy\/tr\/wp-content\/uploads\/2018\/11\/72-2-150x97.jpg 150w, https:\/\/archive.sana.sy\/tr\/wp-content\/uploads\/2018\/11\/72-2-300x194.jpg 300w, https:\/\/archive.sana.sy\/tr\/wp-content\/uploads\/2018\/11\/72-2-768x496.jpg 768w, https:\/\/archive.sana.sy\/tr\/wp-content\/uploads\/2018\/11\/72-2.jpg 861w\" sizes=\"auto, (max-width: 150px) 100vw, 150px\" \/><\/a>\n\t\t\t<\/div><\/figure><figure class='gallery-item'>\n\t\t\t<div class='gallery-icon landscape'>\n\t\t\t\t<a href='https:\/\/archive.sana.sy\/tr\/wp-content\/uploads\/2018\/11\/73-1.jpg'><img loading=\"lazy\" decoding=\"async\" width=\"150\" height=\"87\" src=\"https:\/\/archive.sana.sy\/tr\/wp-content\/uploads\/2018\/11\/73-1-150x87.jpg\" class=\"attachment-thumbnail size-thumbnail\" alt=\"\" srcset=\"https:\/\/archive.sana.sy\/tr\/wp-content\/uploads\/2018\/11\/73-1-150x87.jpg 150w, https:\/\/archive.sana.sy\/tr\/wp-content\/uploads\/2018\/11\/73-1-300x174.jpg 300w, https:\/\/archive.sana.sy\/tr\/wp-content\/uploads\/2018\/11\/73-1-768x446.jpg 768w, https:\/\/archive.sana.sy\/tr\/wp-content\/uploads\/2018\/11\/73-1.jpg 930w\" sizes=\"auto, (max-width: 150px) 100vw, 150px\" \/><\/a>\n\t\t\t<\/div><\/figure>\n\t\t<\/div>\n\n","protected":false},"excerpt":{"rendered":"<p>SOHOM\u0130 \u2013 ABHAZYA &#8211; Suriye Zanaatkarlar Birlikleri Sendikas\u0131 heyeti Abhazya&#8217;n\u0131n Avrupal\u0131 turistler i\u00e7in \u00f6nemli bir u\u011frak yeri olmas\u0131 itibariyle, Suriye el sanatlar\u0131n\u0131n Rusya Federasyonu ve Avrupa pazarlar\u0131na eri\u015fim sa\u011flanmas\u0131 amac\u0131yla Abhazya Sanayi ve Ticaret Odas\u0131 ile Abhazya&#8217;da kal\u0131c\u0131 bir Suriyeli el sanatlar\u0131 evinin kurulmas\u0131 konusunda anla\u015fmaya vard\u0131. S\u00f6z konusu anla\u015fma Abhazya&#8217;da bug\u00fcn d\u00fczenlenen ve Zanaatlar &hellip;<\/p>\n","protected":false},"author":1,"featured_media":166370,"comment_status":"closed","ping_status":"closed","sticky":false,"template":"","format":"standard","meta":{"footnotes":""},"categories":[485,516,486,511,17988],"tags":[38026,27249,16591,32036,22181],"class_list":["post-166367","post","type-post","status-publish","format-standard","has-post-thumbnail","","category-is-ve-sermaye","category-haberler-kultur-ve-sanat","category-haberler-is-ve-sermaye","category-kultur-ve-sanat","category-son-haberler","tag-avrupa-pazari","tag-el-sanatlari","tag-suriye","tag-suriye-sanatlari","tag-suriyeliler"],"_links":{"self":[{"href":"https:\/\/archive.sana.sy\/tr\/index.php?rest_route=\/wp\/v2\/posts\/166367","targetHints":{"allow":["GET"]}}],"collection":[{"href":"https:\/\/archive.sana.sy\/tr\/index.php?rest_route=\/wp\/v2\/posts"}],"about":[{"href":"https:\/\/archive.sana.sy\/tr\/index.php?rest_route=\/wp\/v2\/types\/post"}],"author":[{"embeddable":true,"href":"https:\/\/archive.sana.sy\/tr\/index.php?rest_route=\/wp\/v2\/users\/1"}],"replies":[{"embeddable":true,"href":"https:\/\/archive.sana.sy\/tr\/index.php?rest_route=%2Fwp%2Fv2%2Fcomments&post=166367"}],"version-history":[{"count":0,"href":"https:\/\/archive.sana.sy\/tr\/index.php?rest_route=\/wp\/v2\/posts\/166367\/revisions"}],"wp:featuredmedia":[{"embeddable":true,"href":"https:\/\/archive.sana.sy\/tr\/index.php?rest_route=\/wp\/v2\/media\/166370"}],"wp:attachment":[{"href":"https:\/\/archive.sana.sy\/tr\/index.php?rest_route=%2Fwp%2Fv2%2Fmedia&parent=166367"}],"wp:term":[{"taxonomy":"category","embeddable":true,"href":"https:\/\/archive.sana.sy\/tr\/index.php?rest_route=%2Fwp%2Fv2%2Fcategories&post=166367"},{"taxonomy":"post_tag","embeddable":true,"href":"https:\/\/archive.sana.sy\/tr\/index.php?rest_route=%2Fwp%2Fv2%2Ftags&post=166367"}],"curies":[{"name":"wp","href":"https:\/\/api.w.org\/{rel}","templated":true}]}}