{"id":166706,"date":"2018-11-26T16:27:22","date_gmt":"2018-11-26T14:27:22","guid":{"rendered":"https:\/\/www.sana.sy\/tr\/?p=166706"},"modified":"2018-11-27T15:36:09","modified_gmt":"2018-11-27T13:36:09","slug":"el-esad-kabinede-degisikligi-ongoren-kararnameyi-onayladi","status":"publish","type":"post","link":"https:\/\/archive.sana.sy\/tr\/?p=166706","title":{"rendered":"El Esad Kabinede De\u011fi\u015fikli\u011fi \u00d6ng\u00f6ren Kararnameyi Onaylad\u0131"},"content":{"rendered":"<p>\u015eAM \u2013 Cumhurba\u015fkan\u0131 Be\u015f\u015far el Esad bug\u00fcn kabinede de\u011fi\u015fikli\u011fin yap\u0131lmas\u0131n\u0131 \u00f6ng\u00f6ren 2018\/360 say\u0131l\u0131 kararnameyi onaylad\u0131.<\/p>\n<p>Yeni kabinede H\u00fcseyin Arnus Su Kaynaklar\u0131 Bakan\u0131, At\u0131f Neddaf \u0130\u00e7 Ticaret ve T\u00fcketiciyi Koruma Bakan\u0131, Muhammed Halit el Rahmun \u0130\u00e7i\u015fleri Bakan\u0131, Muhammed Rami R\u0131dvan Martini Turizm Bakan\u0131, \u0130mad Muvaffak el Azb E\u011fitim Bakan\u0131, Bessam Be\u015fir \u0130brahim Y\u00fcksek \u00d6\u011fretim Bakan\u0131, S\u00fcheyl Muhammed Abd\u00fcllatif Bay\u0131nd\u0131rl\u0131k ve \u0130skan Bakan\u0131, \u0130yyad Muhammed el Hatip \u0130leti\u015fim ve Teknoloji Bakan\u0131, Muhammed Main Zeynelabidin Cezbe Sanayi Bakan\u0131 olarak atand\u0131.<\/p>\n","protected":false},"excerpt":{"rendered":"<p>\u015eAM \u2013 Cumhurba\u015fkan\u0131 Be\u015f\u015far el Esad bug\u00fcn kabinede de\u011fi\u015fikli\u011fin yap\u0131lmas\u0131n\u0131 \u00f6ng\u00f6ren 2018\/360 say\u0131l\u0131 kararnameyi onaylad\u0131. Yeni kabinede H\u00fcseyin Arnus Su Kaynaklar\u0131 Bakan\u0131, At\u0131f Neddaf \u0130\u00e7 Ticaret ve T\u00fcketiciyi Koruma Bakan\u0131, Muhammed Halit el Rahmun \u0130\u00e7i\u015fleri Bakan\u0131, Muhammed Rami R\u0131dvan Martini Turizm Bakan\u0131, \u0130mad Muvaffak el Azb E\u011fitim Bakan\u0131, Bessam Be\u015fir \u0130brahim Y\u00fcksek \u00d6\u011fretim Bakan\u0131, S\u00fcheyl &hellip;<\/p>\n","protected":false},"author":1,"featured_media":148639,"comment_status":"closed","ping_status":"closed","sticky":false,"template":"","format":"standard","meta":{"footnotes":""},"categories":[479,605,17988,612,599,478],"tags":[19968,8767,20113,17014,38063,19946,16591,12240,24119],"class_list":["post-166706","post","type-post","status-publish","format-standard","has-post-thumbnail","","category-haberler-yerel","category-sayin-cumhurbaskani","category-son-haberler","category-yasama-kararnameler","category-yasama-ve-kanunlar","category-yerel","tag-bessar-esad","tag-cumhurbaskani","tag-esad","tag-kabine","tag-kabine-degisikligi","tag-kararname","tag-suriye","tag-suriye-hukumeti","tag-suriye-lideri"],"_links":{"self":[{"href":"https:\/\/archive.sana.sy\/tr\/index.php?rest_route=\/wp\/v2\/posts\/166706","targetHints":{"allow":["GET"]}}],"collection":[{"href":"https:\/\/archive.sana.sy\/tr\/index.php?rest_route=\/wp\/v2\/posts"}],"about":[{"href":"https:\/\/archive.sana.sy\/tr\/index.php?rest_route=\/wp\/v2\/types\/post"}],"author":[{"embeddable":true,"href":"https:\/\/archive.sana.sy\/tr\/index.php?rest_route=\/wp\/v2\/users\/1"}],"replies":[{"embeddable":true,"href":"https:\/\/archive.sana.sy\/tr\/index.php?rest_route=%2Fwp%2Fv2%2Fcomments&post=166706"}],"version-history":[{"count":0,"href":"https:\/\/archive.sana.sy\/tr\/index.php?rest_route=\/wp\/v2\/posts\/166706\/revisions"}],"wp:featuredmedia":[{"embeddable":true,"href":"https:\/\/archive.sana.sy\/tr\/index.php?rest_route=\/wp\/v2\/media\/148639"}],"wp:attachment":[{"href":"https:\/\/archive.sana.sy\/tr\/index.php?rest_route=%2Fwp%2Fv2%2Fmedia&parent=166706"}],"wp:term":[{"taxonomy":"category","embeddable":true,"href":"https:\/\/archive.sana.sy\/tr\/index.php?rest_route=%2Fwp%2Fv2%2Fcategories&post=166706"},{"taxonomy":"post_tag","embeddable":true,"href":"https:\/\/archive.sana.sy\/tr\/index.php?rest_route=%2Fwp%2Fv2%2Ftags&post=166706"}],"curies":[{"name":"wp","href":"https:\/\/api.w.org\/{rel}","templated":true}]}}