{"id":166707,"date":"2018-11-26T17:00:17","date_gmt":"2018-11-26T15:00:17","guid":{"rendered":"https:\/\/www.sana.sy\/tr\/?p=166707"},"modified":"2018-11-27T12:59:41","modified_gmt":"2018-11-27T10:59:41","slug":"ulusal-uzlasma-kurumu-kuruluyor","status":"publish","type":"post","link":"https:\/\/archive.sana.sy\/tr\/?p=166707","title":{"rendered":"Ulusal Uzla\u015fma Kurumu Kuruluyor&#8230; \u015eam&#8217;a Yeni Vali Atand\u0131"},"content":{"rendered":"<p>\u015eAM \u2013 Cumhurba\u015fkan\u0131 Be\u015f\u015far el Esad bug\u00fcn Ulusal Uzla\u015fma Kurumu ad\u0131 alt\u0131nda ba\u011f\u0131ms\u0131z idareye sahip bir kurumun kurulmas\u0131n\u0131 \u00f6ng\u00f6ren 2018\/19 say\u0131l\u0131 yasama karar\u0131n\u0131 onaylad\u0131.<\/p>\n<p>Yasama karar\u0131 gere\u011fince kurulacak yeni kurumun merkezi ba\u015fkent \u015eam olup, direk olarak ba\u015fbakana ba\u011fl\u0131 olacakt\u0131r.<\/p>\n<p>El Esad ayn\u0131 zamanda Ali Haydar\u2019\u0131n Ulusal Uzla\u015fma \u0130\u015flerinden Sorumlu Devlet Bakan\u0131 s\u0131fat\u0131na son verilmesini \u00f6ng\u00f6ren 2018\/361 say\u0131l\u0131 kararnameyi onaylarken, Haydar\u2019\u0131n Ulusal Uzla\u015fma Kurumu Ba\u015fkan\u0131 olarak atanmas\u0131n\u0131 \u00f6ng\u00f6ren 2018\/362 say\u0131l\u0131 kararnameyi onaylad\u0131.<\/p>\n<p><span style=\"color: #0000ff\">\u015eam&#8217;a Yeni Vali Atand\u0131<\/span><\/p>\n<p>Di\u011fer Yandan el Esad ba\u015fkent \u015eam Valisi Bu\u015fr Mazin el Sabban\u2019\u0131n g\u00f6revinden azledilmesini ve Adil Enver el Ulebi\u2019nin \u015eam Valisi olarak atanmas\u0131n\u0131 \u00f6ng\u00f6ren 2018\/363 say\u0131l\u0131 kararnameyi onaylad\u0131.<\/p>\n","protected":false},"excerpt":{"rendered":"<p>\u015eAM \u2013 Cumhurba\u015fkan\u0131 Be\u015f\u015far el Esad bug\u00fcn Ulusal Uzla\u015fma Kurumu ad\u0131 alt\u0131nda ba\u011f\u0131ms\u0131z idareye sahip bir kurumun kurulmas\u0131n\u0131 \u00f6ng\u00f6ren 2018\/19 say\u0131l\u0131 yasama karar\u0131n\u0131 onaylad\u0131. Yasama karar\u0131 gere\u011fince kurulacak yeni kurumun merkezi ba\u015fkent \u015eam olup, direk olarak ba\u015fbakana ba\u011fl\u0131 olacakt\u0131r. El Esad ayn\u0131 zamanda Ali Haydar\u2019\u0131n Ulusal Uzla\u015fma \u0130\u015flerinden Sorumlu Devlet Bakan\u0131 s\u0131fat\u0131na son verilmesini \u00f6ng\u00f6ren &hellip;<\/p>\n","protected":false},"author":1,"featured_media":166740,"comment_status":"closed","ping_status":"closed","sticky":false,"template":"","format":"standard","meta":{"footnotes":""},"categories":[479,605,17988,612,599,478],"tags":[21169,19968,20113,19946,4124,24083,22181,18157,23761],"class_list":["post-166707","post","type-post","status-publish","format-standard","has-post-thumbnail","","category-haberler-yerel","category-sayin-cumhurbaskani","category-son-haberler","category-yasama-kararnameler","category-yasama-ve-kanunlar","category-yerel","tag-ali-haydar","tag-bessar-esad","tag-esad","tag-kararname","tag-sam-valisi","tag-suriye-baskani","tag-suriyeliler","tag-ulusal-uzlasma","tag-yeni-vali-atandi"],"_links":{"self":[{"href":"https:\/\/archive.sana.sy\/tr\/index.php?rest_route=\/wp\/v2\/posts\/166707","targetHints":{"allow":["GET"]}}],"collection":[{"href":"https:\/\/archive.sana.sy\/tr\/index.php?rest_route=\/wp\/v2\/posts"}],"about":[{"href":"https:\/\/archive.sana.sy\/tr\/index.php?rest_route=\/wp\/v2\/types\/post"}],"author":[{"embeddable":true,"href":"https:\/\/archive.sana.sy\/tr\/index.php?rest_route=\/wp\/v2\/users\/1"}],"replies":[{"embeddable":true,"href":"https:\/\/archive.sana.sy\/tr\/index.php?rest_route=%2Fwp%2Fv2%2Fcomments&post=166707"}],"version-history":[{"count":0,"href":"https:\/\/archive.sana.sy\/tr\/index.php?rest_route=\/wp\/v2\/posts\/166707\/revisions"}],"wp:featuredmedia":[{"embeddable":true,"href":"https:\/\/archive.sana.sy\/tr\/index.php?rest_route=\/wp\/v2\/media\/166740"}],"wp:attachment":[{"href":"https:\/\/archive.sana.sy\/tr\/index.php?rest_route=%2Fwp%2Fv2%2Fmedia&parent=166707"}],"wp:term":[{"taxonomy":"category","embeddable":true,"href":"https:\/\/archive.sana.sy\/tr\/index.php?rest_route=%2Fwp%2Fv2%2Fcategories&post=166707"},{"taxonomy":"post_tag","embeddable":true,"href":"https:\/\/archive.sana.sy\/tr\/index.php?rest_route=%2Fwp%2Fv2%2Ftags&post=166707"}],"curies":[{"name":"wp","href":"https:\/\/api.w.org\/{rel}","templated":true}]}}