{"id":166716,"date":"2018-11-26T16:15:33","date_gmt":"2018-11-26T14:15:33","guid":{"rendered":"https:\/\/www.sana.sy\/tr\/?p=166716"},"modified":"2018-11-26T16:15:33","modified_gmt":"2018-11-26T14:15:33","slug":"vatanlarina-donen-suriyeliler-vatanimiza-donus-kararimizla-duygularimizi-sozlerle-ifade-etmek-imkansizdir","status":"publish","type":"post","link":"https:\/\/archive.sana.sy\/tr\/?p=166716","title":{"rendered":"Vatanlar\u0131na d\u00f6nen Suriyeliler: Vatan\u0131m\u0131za d\u00f6n\u00fc\u015f karar\u0131m\u0131zla duygular\u0131m\u0131z\u0131 s\u00f6zlerle ifade etmek imkans\u0131zd\u0131r"},"content":{"rendered":"<p>Vatanlar\u0131na d\u00f6nen Suriyeliler: Vatan\u0131m\u0131za d\u00f6n\u00fc\u015f karar\u0131m\u0131zla duygular\u0131m\u0131z\u0131 s\u00f6zlerle ifade etmek imkans\u0131zd\u0131r<\/p>\n","protected":false},"excerpt":{"rendered":"<p>Vatanlar\u0131na d\u00f6nen Suriyeliler: Vatan\u0131m\u0131za d\u00f6n\u00fc\u015f karar\u0131m\u0131zla duygular\u0131m\u0131z\u0131 s\u00f6zlerle ifade etmek imkans\u0131zd\u0131r<\/p>\n","protected":false},"author":1,"featured_media":166724,"comment_status":"closed","ping_status":"closed","sticky":false,"template":"","format":"standard","meta":{"footnotes":""},"categories":[573],"tags":[],"class_list":["post-166716","post","type-post","status-publish","format-standard","has-post-thumbnail","","category-goruntulu-olaylar"],"_links":{"self":[{"href":"https:\/\/archive.sana.sy\/tr\/index.php?rest_route=\/wp\/v2\/posts\/166716","targetHints":{"allow":["GET"]}}],"collection":[{"href":"https:\/\/archive.sana.sy\/tr\/index.php?rest_route=\/wp\/v2\/posts"}],"about":[{"href":"https:\/\/archive.sana.sy\/tr\/index.php?rest_route=\/wp\/v2\/types\/post"}],"author":[{"embeddable":true,"href":"https:\/\/archive.sana.sy\/tr\/index.php?rest_route=\/wp\/v2\/users\/1"}],"replies":[{"embeddable":true,"href":"https:\/\/archive.sana.sy\/tr\/index.php?rest_route=%2Fwp%2Fv2%2Fcomments&post=166716"}],"version-history":[{"count":0,"href":"https:\/\/archive.sana.sy\/tr\/index.php?rest_route=\/wp\/v2\/posts\/166716\/revisions"}],"wp:featuredmedia":[{"embeddable":true,"href":"https:\/\/archive.sana.sy\/tr\/index.php?rest_route=\/wp\/v2\/media\/166724"}],"wp:attachment":[{"href":"https:\/\/archive.sana.sy\/tr\/index.php?rest_route=%2Fwp%2Fv2%2Fmedia&parent=166716"}],"wp:term":[{"taxonomy":"category","embeddable":true,"href":"https:\/\/archive.sana.sy\/tr\/index.php?rest_route=%2Fwp%2Fv2%2Fcategories&post=166716"},{"taxonomy":"post_tag","embeddable":true,"href":"https:\/\/archive.sana.sy\/tr\/index.php?rest_route=%2Fwp%2Fv2%2Ftags&post=166716"}],"curies":[{"name":"wp","href":"https:\/\/api.w.org\/{rel}","templated":true}]}}