{"id":166718,"date":"2018-11-26T16:18:41","date_gmt":"2018-11-26T14:18:41","guid":{"rendered":"https:\/\/www.sana.sy\/tr\/?p=166718"},"modified":"2018-11-26T16:18:41","modified_gmt":"2018-11-26T14:18:41","slug":"urdune-acilan-nasib-sinir-kapisi-uzerinden-vatana-donen-suriyeliler-vatanimiza-donus-kararimiz-ordunun-sergiledikleri-kahramanliklarla-imzalidir","status":"publish","type":"post","link":"https:\/\/archive.sana.sy\/tr\/?p=166718","title":{"rendered":"\u00dcrd\u00fcn\u2019e a\u00e7\u0131lan Nasib S\u0131n\u0131r Kap\u0131s\u0131 \u00fczerinden vatana d\u00f6nen Suriyeliler: Vatan\u0131m\u0131za d\u00f6n\u00fc\u015f karar\u0131m\u0131z ordunun sergiledikleri kahramanl\u0131klarla imzal\u0131d\u0131r"},"content":{"rendered":"<p>\u00dcrd\u00fcn\u2019e a\u00e7\u0131lan Nasib S\u0131n\u0131r Kap\u0131s\u0131 \u00fczerinden vatana d\u00f6nen Suriyeliler: Vatan\u0131m\u0131za d\u00f6n\u00fc\u015f karar\u0131m\u0131z ordunun sergiledikleri kahramanl\u0131klarla imzal\u0131d\u0131r<\/p>\n<p><iframe loading=\"lazy\" title=\"\u0627\u0644\u0633\u0648\u0631\u064a\u0648\u0646 \u0627\u0644\u0639\u0627\u0626\u062f\u0648\u0646 \u0639\u0628\u0631 \u0645\u0639\u0628\u0631 \u0646\u0635\u064a\u0628: \u0642\u0631\u0627\u0631\u0646\u0627 \u0628\u0627\u0644\u0639\u0648\u062f\u0629 \u0645\u0645\u0647\u0648\u0631 \u0628\u0628\u0637\u0648\u0644\u0627\u062a \u0627\u0644\u062c\u064a\u0634\" width=\"618\" height=\"464\" src=\"https:\/\/www.youtube.com\/embed\/NF1GgSiez-Q?feature=oembed\" frameborder=\"0\" allow=\"accelerometer; autoplay; clipboard-write; encrypted-media; gyroscope; picture-in-picture; web-share\" referrerpolicy=\"strict-origin-when-cross-origin\" allowfullscreen><\/iframe><\/p>\n","protected":false},"excerpt":{"rendered":"<p>\u00dcrd\u00fcn\u2019e a\u00e7\u0131lan Nasib S\u0131n\u0131r Kap\u0131s\u0131 \u00fczerinden vatana d\u00f6nen Suriyeliler: Vatan\u0131m\u0131za d\u00f6n\u00fc\u015f karar\u0131m\u0131z ordunun sergiledikleri kahramanl\u0131klarla imzal\u0131d\u0131r<\/p>\n","protected":false},"author":1,"featured_media":166733,"comment_status":"closed","ping_status":"closed","sticky":false,"template":"","format":"standard","meta":{"footnotes":""},"categories":[18295],"tags":[],"class_list":["post-166718","post","type-post","status-publish","format-standard","has-post-thumbnail","","category-sana-video"],"_links":{"self":[{"href":"https:\/\/archive.sana.sy\/tr\/index.php?rest_route=\/wp\/v2\/posts\/166718","targetHints":{"allow":["GET"]}}],"collection":[{"href":"https:\/\/archive.sana.sy\/tr\/index.php?rest_route=\/wp\/v2\/posts"}],"about":[{"href":"https:\/\/archive.sana.sy\/tr\/index.php?rest_route=\/wp\/v2\/types\/post"}],"author":[{"embeddable":true,"href":"https:\/\/archive.sana.sy\/tr\/index.php?rest_route=\/wp\/v2\/users\/1"}],"replies":[{"embeddable":true,"href":"https:\/\/archive.sana.sy\/tr\/index.php?rest_route=%2Fwp%2Fv2%2Fcomments&post=166718"}],"version-history":[{"count":0,"href":"https:\/\/archive.sana.sy\/tr\/index.php?rest_route=\/wp\/v2\/posts\/166718\/revisions"}],"wp:featuredmedia":[{"embeddable":true,"href":"https:\/\/archive.sana.sy\/tr\/index.php?rest_route=\/wp\/v2\/media\/166733"}],"wp:attachment":[{"href":"https:\/\/archive.sana.sy\/tr\/index.php?rest_route=%2Fwp%2Fv2%2Fmedia&parent=166718"}],"wp:term":[{"taxonomy":"category","embeddable":true,"href":"https:\/\/archive.sana.sy\/tr\/index.php?rest_route=%2Fwp%2Fv2%2Fcategories&post=166718"},{"taxonomy":"post_tag","embeddable":true,"href":"https:\/\/archive.sana.sy\/tr\/index.php?rest_route=%2Fwp%2Fv2%2Ftags&post=166718"}],"curies":[{"name":"wp","href":"https:\/\/api.w.org\/{rel}","templated":true}]}}