{"id":166731,"date":"2018-11-26T16:38:03","date_gmt":"2018-11-26T14:38:03","guid":{"rendered":"https:\/\/www.sana.sy\/tr\/?p=166731"},"modified":"2018-11-27T12:59:22","modified_gmt":"2018-11-27T10:59:22","slug":"koalisyon-guclerinin-yeni-katliaminda-onlarca-sehit-ve-yarali","status":"publish","type":"post","link":"https:\/\/archive.sana.sy\/tr\/?p=166731","title":{"rendered":"Koalisyon G\u00fc\u00e7lerinin Yeni Katliam\u0131nda Onlarca \u015eehit ve Yaral\u0131"},"content":{"rendered":"<p>DEYREZZOR \u2013 Uluslar aras\u0131 kanunlar, kararlar ve BM misak\u0131na ayk\u0131r\u0131 bir \u015fekilde ABD komutas\u0131nda faaliyetlerini s\u00fcrd\u00fcren uluslar aras\u0131 koalisyon g\u00fc\u00e7leri Deyrezzor k\u0131rsal\u0131nda I\u015e\u0130D\u2019e kar\u015f\u0131 sava\u015f bahanesi alt\u0131nda bulundu\u011fu yeni katliamda onlarca masum sivil vatanda\u015f \u015fehit ve yaral\u0131 d\u00fc\u015ft\u00fc.<\/p>\n<p>Deyrezzor k\u0131rsal\u0131nda yerel kaynaklar SANA\u2019ya a\u00e7\u0131klamalar\u0131nda; uluslar aras\u0131 koalisyon g\u00fc\u00e7lerine tabi sava\u015f u\u00e7aklar\u0131n bug\u00fcn il k\u0131rsal\u0131n\u0131n g\u00fcneydo\u011fusunda yer alan Heccin Nahiyesine tabi Ebu Hasan K\u00f6y\u00fcnde sivil vatanda\u015flar\u0131n evlerini yo\u011fun bir \u015fekilde bombalad\u0131klar\u0131n\u0131 aktard\u0131.<\/p>\n<p>Kaynaklar sivil evlerin bombalanmas\u0131 sonucunda geneli \u00e7ocuk ve kad\u0131nlardan olu\u015fan onlarca sivil vatanda\u015f\u0131n \u015fehit ve yaral\u0131 d\u00fc\u015ft\u00fcklerini ifade etti. \u00c7ok say\u0131da evin yerle bir oldu\u011funa dikkat \u00e7eken yerel kaynaklar; bir\u00e7ok insan\u0131n enkaz alt\u0131nda kalmas\u0131 ve yaral\u0131lar\u0131n bir k\u0131sm\u0131n\u0131n a\u011f\u0131r olmas\u0131 nedeniyle \u015fehit ve yaral\u0131 say\u0131s\u0131n\u0131n artabilece\u011fini belirtti.<\/p>\n<p>Yerel kaynaklar koalisyon u\u00e7aklar\u0131n\u0131n sivil evleri, altyap\u0131 ve hizmet kurumlar\u0131n\u0131 bombalamaya devam ettiklerine vurgu yaparken, kullan\u0131lan f\u00fcze ve bombalar\u0131n \u015fiddetli etkiye sahip olduklar\u0131n\u0131 kaydetti.<\/p>\n<p>ABD komutas\u0131ndaki koalisyon g\u00fc\u00e7leri I\u015e\u0130D\u2019e kar\u015f\u0131 sava\u015f bahanesi alt\u0131nda Deyrezzor k\u0131rsal\u0131nda sivil vatanda\u015flar\u0131 ve evlerini yo\u011fun bir \u015fekilde bombalamalar\u0131 sonucunda y\u00fczlerce vatanda\u015f \u015fehit ve yaral\u0131 d\u00fc\u015ferken, binlerce vatanda\u015f da evsiz barks\u0131z kal\u0131p k\u00f6ylerinden ve evlerinden tehcir edildiler.<\/p>\n","protected":false},"excerpt":{"rendered":"<p>DEYREZZOR \u2013 Uluslar aras\u0131 kanunlar, kararlar ve BM misak\u0131na ayk\u0131r\u0131 bir \u015fekilde ABD komutas\u0131nda faaliyetlerini s\u00fcrd\u00fcren uluslar aras\u0131 koalisyon g\u00fc\u00e7leri Deyrezzor k\u0131rsal\u0131nda I\u015e\u0130D\u2019e kar\u015f\u0131 sava\u015f bahanesi alt\u0131nda bulundu\u011fu yeni katliamda onlarca masum sivil vatanda\u015f \u015fehit ve yaral\u0131 d\u00fc\u015ft\u00fc. Deyrezzor k\u0131rsal\u0131nda yerel kaynaklar SANA\u2019ya a\u00e7\u0131klamalar\u0131nda; uluslar aras\u0131 koalisyon g\u00fc\u00e7lerine tabi sava\u015f u\u00e7aklar\u0131n bug\u00fcn il k\u0131rsal\u0131n\u0131n g\u00fcneydo\u011fusunda &hellip;<\/p>\n","protected":false},"author":1,"featured_media":166741,"comment_status":"closed","ping_status":"closed","sticky":false,"template":"","format":"standard","meta":{"footnotes":""},"categories":[479,575,17988,478],"tags":[1381,2494,38065,2318,24322,38064,18631,3505,16612,30128,16591,22181,25886,30329,32663],"class_list":["post-166731","post","type-post","status-publish","format-standard","has-post-thumbnail","","category-haberler-yerel","category-olaylar-ve-gercekler","category-son-haberler","category-yerel","tag-abd","tag-deyrezzor","tag-ebu-el-hasan-koyu","tag-isid","tag-iside-karsi-savas-bahanesi","tag-katilam","tag-koalisyon-ucaklari","tag-savas-ucaklari","tag-sehit","tag-siviller","tag-suriye","tag-suriyeliler","tag-vatandaslar","tag-yarali","tag-yerlesim"],"_links":{"self":[{"href":"https:\/\/archive.sana.sy\/tr\/index.php?rest_route=\/wp\/v2\/posts\/166731","targetHints":{"allow":["GET"]}}],"collection":[{"href":"https:\/\/archive.sana.sy\/tr\/index.php?rest_route=\/wp\/v2\/posts"}],"about":[{"href":"https:\/\/archive.sana.sy\/tr\/index.php?rest_route=\/wp\/v2\/types\/post"}],"author":[{"embeddable":true,"href":"https:\/\/archive.sana.sy\/tr\/index.php?rest_route=\/wp\/v2\/users\/1"}],"replies":[{"embeddable":true,"href":"https:\/\/archive.sana.sy\/tr\/index.php?rest_route=%2Fwp%2Fv2%2Fcomments&post=166731"}],"version-history":[{"count":0,"href":"https:\/\/archive.sana.sy\/tr\/index.php?rest_route=\/wp\/v2\/posts\/166731\/revisions"}],"wp:featuredmedia":[{"embeddable":true,"href":"https:\/\/archive.sana.sy\/tr\/index.php?rest_route=\/wp\/v2\/media\/166741"}],"wp:attachment":[{"href":"https:\/\/archive.sana.sy\/tr\/index.php?rest_route=%2Fwp%2Fv2%2Fmedia&parent=166731"}],"wp:term":[{"taxonomy":"category","embeddable":true,"href":"https:\/\/archive.sana.sy\/tr\/index.php?rest_route=%2Fwp%2Fv2%2Fcategories&post=166731"},{"taxonomy":"post_tag","embeddable":true,"href":"https:\/\/archive.sana.sy\/tr\/index.php?rest_route=%2Fwp%2Fv2%2Ftags&post=166731"}],"curies":[{"name":"wp","href":"https:\/\/api.w.org\/{rel}","templated":true}]}}