{"id":167463,"date":"2018-12-06T16:37:13","date_gmt":"2018-12-06T14:37:13","guid":{"rendered":"https:\/\/www.sana.sy\/tr\/?p=167463"},"modified":"2018-12-07T12:45:49","modified_gmt":"2018-12-07T10:45:49","slug":"yargi-idaresi-idari-reformda-stratejik-bir-secenektir","status":"publish","type":"post","link":"https:\/\/archive.sana.sy\/tr\/?p=167463","title":{"rendered":"Yarg\u0131 \u0130daresi \u0130dari Reformda Stratejik Bir Se\u00e7enektir"},"content":{"rendered":"<p>HALEP \u2013 Alt\u0131nc\u0131 Yarg\u0131 Konferans\u0131 bug\u00fcn Halep Kentinde Adliye Saray\u0131nda \u201cYarg\u0131 \u0130daresi \u0130dari Reformda Stratejik Bir Se\u00e7enektir\u201d slogan\u0131 alt\u0131nda faaliyetlerine ba\u015flad\u0131.<\/p>\n<p>Konferansta anayasa ve kanunlarda mevcut bo\u015fluklar\u0131 kapatma, yarg\u0131 alan\u0131ndaki yolsuzlu\u011fa son verip kanunlar\u0131n \u00fcst\u00fcnl\u00fc\u011f\u00fcn\u00fc vurgulama \u00fczerinde odaklan\u0131l\u0131yor.<\/p>\n<p><a href=\"https:\/\/www.sana.sy\/tr\/wp-content\/uploads\/2018\/12\/2-21.jpg\"><img loading=\"lazy\" decoding=\"async\" class=\"alignright wp-image-167469 size-medium\" src=\"https:\/\/www.sana.sy\/tr\/wp-content\/uploads\/2018\/12\/2-21-300x200.jpg\" alt=\"\" width=\"300\" height=\"200\" srcset=\"https:\/\/archive.sana.sy\/tr\/wp-content\/uploads\/2018\/12\/2-21-300x200.jpg 300w, https:\/\/archive.sana.sy\/tr\/wp-content\/uploads\/2018\/12\/2-21-150x100.jpg 150w, https:\/\/archive.sana.sy\/tr\/wp-content\/uploads\/2018\/12\/2-21.jpg 660w\" sizes=\"auto, (max-width: 300px) 100vw, 300px\" \/><\/a>Konferans faaliyetlerinin a\u00e7\u0131l\u0131\u015f\u0131nda konu\u015fan Adalet Bakan\u0131 Hi\u015fam el \u015eear; konferans\u0131n d\u00fczenlenlendi\u011fi slogan\u0131n teorikte s\u0131n\u0131rl\u0131 kalmay\u0131p pratikte g\u00f6r\u00fclmesi gerekti\u011finin alt\u0131n\u0131 \u00e7izdi. Bakan \u015eear sa\u011flam kanuni sistem ve geli\u015fmi\u015f yasamalar\u0131n mevcut bo\u015fluklar ve yolsuzluklara son verece\u011fini ifade etti.<\/p>\n<p>Cumhuriyet Ba\u015f M\u00fcft\u00fcs\u00fc Ahmet Bedreddin Hassun ise kanun ve yarg\u0131 d\u00fcr\u00fcstl\u00fc\u011f\u00fcn\u00fcn milletin d\u00fcr\u00fcstl\u00fc\u011f\u00fcnde b\u00fcy\u00fck bir \u00f6neme sahip oldu\u011funa dikkat \u00e7ekti. Hassun d\u00fczenlenen konferans\u0131n yarg\u0131 reformu ve kanunlar\u0131n geli\u015ftirilmesinde bir ad\u0131m te\u015fkil etti\u011fini ifade ederken, al\u0131nan kararlar\u0131n etkin bir \u015fekilde hayata ge\u00e7irilmesi gere\u011fini kaydetti.<\/p>\n<p>Konferans\u0131n a\u00e7\u0131l\u0131\u015f\u0131nda \u201cHalep G\u00f6zlerimin \u0130\u00e7indedir\u201d ad\u0131 alt\u0131nda sunulan belgesel filmde Halep\u2019te yarg\u0131 \u00e7al\u0131\u015fmalar\u0131n\u0131n yan\u0131 s\u0131ra Halep\u2019in ter\u00f6r sald\u0131r\u0131lar\u0131 sonucunda maruz kald\u0131\u011f\u0131 hasara \u0131\u015f\u0131k tutuldu.<\/p>\n<p>&nbsp;<\/p>\n","protected":false},"excerpt":{"rendered":"<p>HALEP \u2013 Alt\u0131nc\u0131 Yarg\u0131 Konferans\u0131 bug\u00fcn Halep Kentinde Adliye Saray\u0131nda \u201cYarg\u0131 \u0130daresi \u0130dari Reformda Stratejik Bir Se\u00e7enektir\u201d slogan\u0131 alt\u0131nda faaliyetlerine ba\u015flad\u0131. Konferansta anayasa ve kanunlarda mevcut bo\u015fluklar\u0131 kapatma, yarg\u0131 alan\u0131ndaki yolsuzlu\u011fa son verip kanunlar\u0131n \u00fcst\u00fcnl\u00fc\u011f\u00fcn\u00fc vurgulama \u00fczerinde odaklan\u0131l\u0131yor. Konferans faaliyetlerinin a\u00e7\u0131l\u0131\u015f\u0131nda konu\u015fan Adalet Bakan\u0131 Hi\u015fam el \u015eear; konferans\u0131n d\u00fczenlenlendi\u011fi slogan\u0131n teorikte s\u0131n\u0131rl\u0131 kalmay\u0131p pratikte g\u00f6r\u00fclmesi &hellip;<\/p>\n","protected":false},"author":1,"featured_media":167468,"comment_status":"closed","ping_status":"closed","sticky":false,"template":"","format":"standard","meta":{"footnotes":""},"categories":[479,17988,478],"tags":[1132,16591,22181,38149],"class_list":["post-167463","post","type-post","status-publish","format-standard","has-post-thumbnail","","category-haberler-yerel","category-son-haberler","category-yerel","tag-halep","tag-suriye","tag-suriyeliler","tag-yargi-konferansi"],"_links":{"self":[{"href":"https:\/\/archive.sana.sy\/tr\/index.php?rest_route=\/wp\/v2\/posts\/167463","targetHints":{"allow":["GET"]}}],"collection":[{"href":"https:\/\/archive.sana.sy\/tr\/index.php?rest_route=\/wp\/v2\/posts"}],"about":[{"href":"https:\/\/archive.sana.sy\/tr\/index.php?rest_route=\/wp\/v2\/types\/post"}],"author":[{"embeddable":true,"href":"https:\/\/archive.sana.sy\/tr\/index.php?rest_route=\/wp\/v2\/users\/1"}],"replies":[{"embeddable":true,"href":"https:\/\/archive.sana.sy\/tr\/index.php?rest_route=%2Fwp%2Fv2%2Fcomments&post=167463"}],"version-history":[{"count":0,"href":"https:\/\/archive.sana.sy\/tr\/index.php?rest_route=\/wp\/v2\/posts\/167463\/revisions"}],"wp:featuredmedia":[{"embeddable":true,"href":"https:\/\/archive.sana.sy\/tr\/index.php?rest_route=\/wp\/v2\/media\/167468"}],"wp:attachment":[{"href":"https:\/\/archive.sana.sy\/tr\/index.php?rest_route=%2Fwp%2Fv2%2Fmedia&parent=167463"}],"wp:term":[{"taxonomy":"category","embeddable":true,"href":"https:\/\/archive.sana.sy\/tr\/index.php?rest_route=%2Fwp%2Fv2%2Fcategories&post=167463"},{"taxonomy":"post_tag","embeddable":true,"href":"https:\/\/archive.sana.sy\/tr\/index.php?rest_route=%2Fwp%2Fv2%2Ftags&post=167463"}],"curies":[{"name":"wp","href":"https:\/\/api.w.org\/{rel}","templated":true}]}}