{"id":167464,"date":"2018-12-06T16:27:13","date_gmt":"2018-12-06T14:27:13","guid":{"rendered":"https:\/\/www.sana.sy\/tr\/?p=167464"},"modified":"2018-12-07T12:45:47","modified_gmt":"2018-12-07T10:45:47","slug":"yuzlerce-vatandasin-teror-bolgelerinden-cikmalarina-yardim-edildi","status":"publish","type":"post","link":"https:\/\/archive.sana.sy\/tr\/?p=167464","title":{"rendered":"Y\u00fczlerce Vatanda\u015f\u0131n Ter\u00f6r B\u00f6lgelerinden \u00c7\u0131kmalar\u0131na Yard\u0131m Edildi"},"content":{"rendered":"<p>\u0130DL\u0130B ve DEYREZZOR \u2013 Ter\u00f6r nedeniyle tehcir edilen vatanda\u015flar\u0131n evlerine d\u00f6nmeleri ve g\u00fcven i\u00e7inde normal ya\u015famlar\u0131n\u0131 s\u00fcrd\u00fcrme ama\u00e7l\u0131 \u00e7abalar kapsam\u0131nda ordu bilriklerimiz bug\u00fcn \u0130dlib ve Deyrezzor k\u0131rsallar\u0131nda ter\u00f6ristlerin bulunduklar\u0131 b\u00f6lgelerden \u00e7\u0131kan y\u00fczlerce vatanda\u015f\u0131n g\u00fcvenli\u011fini temin edip evlerine geri d\u00f6nmelerine yard\u0131m etti.<\/p>\n<p>Yetkili bir kaynak SANA\u2019ya a\u00e7\u0131klamalar\u0131nda ordu birliklerimizin Rus Koordinasyon Merkezi ile koordinasyon i\u00e7inde Deyrezzor k\u0131rsal\u0131nda ter\u00f6ristlerin bulunduklar\u0131 b\u00f6lgelerden \u00e7\u0131kan y\u00fczlerce vatanda\u015f\u0131 ara\u00e7 ve gereksinimleriyle birlikte g\u00fcvenliklerini temin edip evlerine d\u00f6nmelerine yard\u0131m etti\u011fini belirtti. Kaynak sa\u011fl\u0131k ekiplerinin insani ama\u00e7l\u0131 olarak a\u00e7\u0131lan Salihiye Ge\u00e7idi \u00fczerinden ordunun g\u00fcvenli\u011fi temin etti\u011fi b\u00f6lgelere d\u00f6nen vatanda\u015flardan onlarcas\u0131na gerekli t\u0131bbi yard\u0131m\u0131 sunduklar\u0131na dikkat \u00e7ekti.<\/p>\n<p>Ter\u00f6r b\u00f6lgelerinden \u00e7\u0131k\u0131p ordunun g\u00fcvenli\u011fi sa\u011flad\u0131\u011f\u0131 b\u00f6lgelere gelen vatanda\u015flar\u0131n b\u00fcy\u00fck \u00e7o\u011funlu\u011funun \u00e7ocuk ve kad\u0131nlardan ibaret oldu\u011funu ifade eden yetkili kaynak; vatanda\u015flar\u0131n t\u00fcm temel gereksinimlerinin temin edildi\u011fini kaydetti.<\/p>\n<p>Di\u011fer yandan yetkili kaynak \u0130dlib k\u0131rsal\u0131nda da insani ama\u00e7l\u0131 olarak a\u00e7\u0131lan Ebu el Zuhur Ge\u00e7idinden y\u00fczlerce vatanda\u015f\u0131n ter\u00f6ristlerin bulunduklar\u0131 b\u00f6lgelerden \u00e7\u0131kt\u0131klar\u0131na dikkat \u00e7ekti.<\/p>\n<p>S\u00f6z konusu vatanda\u015flar\u0131n b\u00fcy\u00fck \u00e7o\u011funlu\u011funun yine kad\u0131n ve \u00e7ocuklardan ibaret oldu\u011funu ifade eden yetkili kaynak; burada da vatanda\u015flara gerekli t\u0131bbi ve di\u011fer yard\u0131mlar\u0131n yap\u0131ld\u0131\u011f\u0131n\u0131 s\u00f6yledi.<\/p>\n","protected":false},"excerpt":{"rendered":"<p>\u0130DL\u0130B ve DEYREZZOR \u2013 Ter\u00f6r nedeniyle tehcir edilen vatanda\u015flar\u0131n evlerine d\u00f6nmeleri ve g\u00fcven i\u00e7inde normal ya\u015famlar\u0131n\u0131 s\u00fcrd\u00fcrme ama\u00e7l\u0131 \u00e7abalar kapsam\u0131nda ordu bilriklerimiz bug\u00fcn \u0130dlib ve Deyrezzor k\u0131rsallar\u0131nda ter\u00f6ristlerin bulunduklar\u0131 b\u00f6lgelerden \u00e7\u0131kan y\u00fczlerce vatanda\u015f\u0131n g\u00fcvenli\u011fini temin edip evlerine geri d\u00f6nmelerine yard\u0131m etti. Yetkili bir kaynak SANA\u2019ya a\u00e7\u0131klamalar\u0131nda ordu birliklerimizin Rus Koordinasyon Merkezi ile koordinasyon i\u00e7inde Deyrezzor &hellip;<\/p>\n","protected":false},"author":1,"featured_media":167465,"comment_status":"closed","ping_status":"closed","sticky":false,"template":"","format":"standard","meta":{"footnotes":""},"categories":[479,17988,478],"tags":[2494,1294,38148,16591,20942,11549,19034,22181],"class_list":["post-167464","post","type-post","status-publish","format-standard","has-post-thumbnail","","category-haberler-yerel","category-son-haberler","category-yerel","tag-deyrezzor","tag-idlib","tag-sivil-vatanbdaslar","tag-suriye","tag-suriye-askerleri","tag-suriye-ordusu","tag-suriyeli-muhalifler","tag-suriyeliler"],"_links":{"self":[{"href":"https:\/\/archive.sana.sy\/tr\/index.php?rest_route=\/wp\/v2\/posts\/167464","targetHints":{"allow":["GET"]}}],"collection":[{"href":"https:\/\/archive.sana.sy\/tr\/index.php?rest_route=\/wp\/v2\/posts"}],"about":[{"href":"https:\/\/archive.sana.sy\/tr\/index.php?rest_route=\/wp\/v2\/types\/post"}],"author":[{"embeddable":true,"href":"https:\/\/archive.sana.sy\/tr\/index.php?rest_route=\/wp\/v2\/users\/1"}],"replies":[{"embeddable":true,"href":"https:\/\/archive.sana.sy\/tr\/index.php?rest_route=%2Fwp%2Fv2%2Fcomments&post=167464"}],"version-history":[{"count":0,"href":"https:\/\/archive.sana.sy\/tr\/index.php?rest_route=\/wp\/v2\/posts\/167464\/revisions"}],"wp:featuredmedia":[{"embeddable":true,"href":"https:\/\/archive.sana.sy\/tr\/index.php?rest_route=\/wp\/v2\/media\/167465"}],"wp:attachment":[{"href":"https:\/\/archive.sana.sy\/tr\/index.php?rest_route=%2Fwp%2Fv2%2Fmedia&parent=167464"}],"wp:term":[{"taxonomy":"category","embeddable":true,"href":"https:\/\/archive.sana.sy\/tr\/index.php?rest_route=%2Fwp%2Fv2%2Fcategories&post=167464"},{"taxonomy":"post_tag","embeddable":true,"href":"https:\/\/archive.sana.sy\/tr\/index.php?rest_route=%2Fwp%2Fv2%2Ftags&post=167464"}],"curies":[{"name":"wp","href":"https:\/\/api.w.org\/{rel}","templated":true}]}}