{"id":167467,"date":"2018-12-06T18:08:36","date_gmt":"2018-12-06T16:08:36","guid":{"rendered":"https:\/\/www.sana.sy\/tr\/?p=167467"},"modified":"2018-12-07T16:03:46","modified_gmt":"2018-12-07T14:03:46","slug":"el-esad-2019-yili-devlet-genel-butce-kanunnamesini-onayladi","status":"publish","type":"post","link":"https:\/\/archive.sana.sy\/tr\/?p=167467","title":{"rendered":"El Esad 2019 Y\u0131l\u0131 Devlet Genel B\u00fct\u00e7e Kanunnamesini Onaylad\u0131"},"content":{"rendered":"<p>\u015eAM \u2013 Cumhurba\u015fkan\u0131 Be\u015f\u015far el Esad bug\u00fcn 2019 y\u0131l\u0131 devlet genel b\u00fct\u00e7esine ili\u015fkin kanunnameyi onaylad\u0131.<\/p>\n<p>Halk Meclisinin 3 Aral\u0131k tarihinde d\u00fczenledi\u011fi oturumda tart\u0131\u015f\u0131p onaylamas\u0131 ard\u0131ndan anayasa gere\u011fince cumhurba\u015fkanl\u0131\u011f\u0131na onay i\u00e7in sevkeetti\u011fi kanunnamede 2019 y\u0131l\u0131 devlet genel b\u00fct\u00e7esi 3882 milyar lira olarak belirlendi. Genel b\u00fct\u00e7ede 2782 milyar lira cari harcamalar i\u00e7in tahsis edilirken; 1100 milyar lira ise yat\u0131r\u0131m harcamalar\u0131 i\u00e7in tahsis edildi.<\/p>\n<p>2019 y\u0131l\u0131 devlet genel b\u00fct\u00e7esinde 443 milyar lira ihtiyat olarak tahsis edilirken; 811 milyar lira da sosyal destek i\u00e7in tahsis edildi.<\/p>\n","protected":false},"excerpt":{"rendered":"<p>\u015eAM \u2013 Cumhurba\u015fkan\u0131 Be\u015f\u015far el Esad bug\u00fcn 2019 y\u0131l\u0131 devlet genel b\u00fct\u00e7esine ili\u015fkin kanunnameyi onaylad\u0131. Halk Meclisinin 3 Aral\u0131k tarihinde d\u00fczenledi\u011fi oturumda tart\u0131\u015f\u0131p onaylamas\u0131 ard\u0131ndan anayasa gere\u011fince cumhurba\u015fkanl\u0131\u011f\u0131na onay i\u00e7in sevkeetti\u011fi kanunnamede 2019 y\u0131l\u0131 devlet genel b\u00fct\u00e7esi 3882 milyar lira olarak belirlendi. Genel b\u00fct\u00e7ede 2782 milyar lira cari harcamalar i\u00e7in tahsis edilirken; 1100 milyar lira &hellip;<\/p>\n","protected":false},"author":1,"featured_media":158568,"comment_status":"closed","ping_status":"closed","sticky":false,"template":"","format":"standard","meta":{"footnotes":""},"categories":[479,605,17988,612,599,478],"tags":[19968,8767,24418,20113,25611,18423,16591,24083,38126,24119],"class_list":["post-167467","post","type-post","status-publish","format-standard","has-post-thumbnail","","category-haberler-yerel","category-sayin-cumhurbaskani","category-son-haberler","category-yasama-kararnameler","category-yasama-ve-kanunlar","category-yerel","tag-bessar-esad","tag-cumhurbaskani","tag-devlet-genel-butcesi","tag-esad","tag-genel-butce","tag-kanunname","tag-suriye","tag-suriye-baskani","tag-suriye-butcesi","tag-suriye-lideri"],"_links":{"self":[{"href":"https:\/\/archive.sana.sy\/tr\/index.php?rest_route=\/wp\/v2\/posts\/167467","targetHints":{"allow":["GET"]}}],"collection":[{"href":"https:\/\/archive.sana.sy\/tr\/index.php?rest_route=\/wp\/v2\/posts"}],"about":[{"href":"https:\/\/archive.sana.sy\/tr\/index.php?rest_route=\/wp\/v2\/types\/post"}],"author":[{"embeddable":true,"href":"https:\/\/archive.sana.sy\/tr\/index.php?rest_route=\/wp\/v2\/users\/1"}],"replies":[{"embeddable":true,"href":"https:\/\/archive.sana.sy\/tr\/index.php?rest_route=%2Fwp%2Fv2%2Fcomments&post=167467"}],"version-history":[{"count":0,"href":"https:\/\/archive.sana.sy\/tr\/index.php?rest_route=\/wp\/v2\/posts\/167467\/revisions"}],"wp:featuredmedia":[{"embeddable":true,"href":"https:\/\/archive.sana.sy\/tr\/index.php?rest_route=\/wp\/v2\/media\/158568"}],"wp:attachment":[{"href":"https:\/\/archive.sana.sy\/tr\/index.php?rest_route=%2Fwp%2Fv2%2Fmedia&parent=167467"}],"wp:term":[{"taxonomy":"category","embeddable":true,"href":"https:\/\/archive.sana.sy\/tr\/index.php?rest_route=%2Fwp%2Fv2%2Fcategories&post=167467"},{"taxonomy":"post_tag","embeddable":true,"href":"https:\/\/archive.sana.sy\/tr\/index.php?rest_route=%2Fwp%2Fv2%2Ftags&post=167467"}],"curies":[{"name":"wp","href":"https:\/\/api.w.org\/{rel}","templated":true}]}}