{"id":16759,"date":"2014-11-27T14:47:29","date_gmt":"2014-11-27T12:47:29","guid":{"rendered":"http:\/\/www.sana.sy\/tr\/?p=16759"},"modified":"2014-11-27T14:47:29","modified_gmt":"2014-11-27T12:47:29","slug":"korkak-saldirilarda-yine-masum-siviller-yaralandi","status":"publish","type":"post","link":"https:\/\/archive.sana.sy\/tr\/?p=16759","title":{"rendered":"Korkak Sald\u0131r\u0131larda Yine Masum Siviller Yaraland\u0131"},"content":{"rendered":"<p>\u015eAM ve KIRSALI \u2013 \u2018Il\u0131man muhalifler\u2019 adland\u0131r\u0131lan ter\u00f6r \u00e7etelerin sivil yerle\u015fim alanlara havan ve f\u00fcze sald\u0131r\u0131lar\u0131 devam ederken bug\u00fcn yine sivillerin saflar\u0131nda isabetler kaydedildi.<\/p>\n<p>Emniyet M\u00fcd\u00fcrl\u00fc\u011f\u00fcnde bir kaynak ter\u00f6ristlerin ba\u015fkent \u015eam\u2019\u0131n kuzey k\u0131rsal\u0131nda Haresta Banliy\u00f6s\u00fcn\u00fc havan mermileriyle hedef almalar\u0131 sonucunda semt ahalisinden bir gencin yaraland\u0131\u011f\u0131n\u0131 aktard\u0131. Kaynak sald\u0131r\u0131da vatanda\u015flar\u0131n ara\u00e7 ve evlerinin de maddi hasar g\u00f6rd\u00fc\u011f\u00fcn\u00fc s\u00f6zlerine ekledi.<\/p>\n","protected":false},"excerpt":{"rendered":"<p>\u015eAM ve KIRSALI \u2013 \u2018Il\u0131man muhalifler\u2019 adland\u0131r\u0131lan ter\u00f6r \u00e7etelerin sivil yerle\u015fim alanlara havan ve f\u00fcze sald\u0131r\u0131lar\u0131 devam ederken bug\u00fcn yine sivillerin saflar\u0131nda isabetler kaydedildi. Emniyet M\u00fcd\u00fcrl\u00fc\u011f\u00fcnde bir kaynak ter\u00f6ristlerin ba\u015fkent \u015eam\u2019\u0131n kuzey k\u0131rsal\u0131nda Haresta Banliy\u00f6s\u00fcn\u00fc havan mermileriyle hedef almalar\u0131 sonucunda semt ahalisinden bir gencin yaraland\u0131\u011f\u0131n\u0131 aktard\u0131. Kaynak sald\u0131r\u0131da vatanda\u015flar\u0131n ara\u00e7 ve evlerinin de maddi hasar &hellip;<\/p>\n","protected":false},"author":1,"featured_media":16760,"comment_status":"closed","ping_status":"closed","sticky":false,"template":"","format":"standard","meta":{"footnotes":""},"categories":[479,575,478],"tags":[6711],"class_list":["post-16759","post","type-post","status-publish","format-standard","has-post-thumbnail","","category-haberler-yerel","category-olaylar-ve-gercekler","category-yerel","tag-korkak-saldirilarda-yine-masum-siviller-yaralandi-sam-ve-kirsali-iliman-muhalifler-adlandirilan-teror-cetelerin-sivil-yerlesim-alanlara-havan-ve-fuze-saldirilari-devam-eder"],"_links":{"self":[{"href":"https:\/\/archive.sana.sy\/tr\/index.php?rest_route=\/wp\/v2\/posts\/16759","targetHints":{"allow":["GET"]}}],"collection":[{"href":"https:\/\/archive.sana.sy\/tr\/index.php?rest_route=\/wp\/v2\/posts"}],"about":[{"href":"https:\/\/archive.sana.sy\/tr\/index.php?rest_route=\/wp\/v2\/types\/post"}],"author":[{"embeddable":true,"href":"https:\/\/archive.sana.sy\/tr\/index.php?rest_route=\/wp\/v2\/users\/1"}],"replies":[{"embeddable":true,"href":"https:\/\/archive.sana.sy\/tr\/index.php?rest_route=%2Fwp%2Fv2%2Fcomments&post=16759"}],"version-history":[{"count":0,"href":"https:\/\/archive.sana.sy\/tr\/index.php?rest_route=\/wp\/v2\/posts\/16759\/revisions"}],"wp:featuredmedia":[{"embeddable":true,"href":"https:\/\/archive.sana.sy\/tr\/index.php?rest_route=\/wp\/v2\/media\/16760"}],"wp:attachment":[{"href":"https:\/\/archive.sana.sy\/tr\/index.php?rest_route=%2Fwp%2Fv2%2Fmedia&parent=16759"}],"wp:term":[{"taxonomy":"category","embeddable":true,"href":"https:\/\/archive.sana.sy\/tr\/index.php?rest_route=%2Fwp%2Fv2%2Fcategories&post=16759"},{"taxonomy":"post_tag","embeddable":true,"href":"https:\/\/archive.sana.sy\/tr\/index.php?rest_route=%2Fwp%2Fv2%2Ftags&post=16759"}],"curies":[{"name":"wp","href":"https:\/\/api.w.org\/{rel}","templated":true}]}}