{"id":167642,"date":"2018-12-09T14:14:20","date_gmt":"2018-12-09T12:14:20","guid":{"rendered":"https:\/\/www.sana.sy\/tr\/?p=167642"},"modified":"2018-12-10T13:55:00","modified_gmt":"2018-12-10T11:55:00","slug":"deyrezzor-kirsalinda-ciftcilere-destek-yardimlari-dagitiliyor","status":"publish","type":"post","link":"https:\/\/archive.sana.sy\/tr\/?p=167642","title":{"rendered":"Deyrezzor K\u0131rsal\u0131nda \u00c7ift\u00e7ilere Destek Yard\u0131mlar\u0131 Da\u011f\u0131t\u0131l\u0131yor"},"content":{"rendered":"\n<p>DEYREZZOR \u2013 Devletin farkl\u0131 b\u00f6lgelerde \u00e7ift\u00e7ilere destek ve yard\u0131m \u00e7abalar\u0131 kapsam\u0131nda K\u0131z\u0131lay \u00d6rg\u00fct\u00fc bug\u00fcn Deyrezzor k\u0131rsal\u0131n\u0131n farkl\u0131 b\u00f6lgelerinde D\u00fcnya K\u0131z\u0131lha\u00e7 \u00d6rg\u00fct\u00fcn\u00fcn takdim etti\u011fi tah\u0131lgilleri \u00e7ift\u00e7i burslar\u0131ndan faydalanan \u00e7ift\u00e7ilere da\u011f\u0131tmaya ba\u015flad\u0131.&nbsp;<\/p>\n\n\n\n<ul class=\"wp-block-gallery alignright columns-1 is-cropped wp-block-gallery-1 is-layout-flex wp-block-gallery-is-layout-flex\"><li class=\"blocks-gallery-item\"><figure><a href=\"https:\/\/www.sana.sy\/tr\/wp-content\/uploads\/2018\/12\/2-26.jpg\"><img loading=\"lazy\" decoding=\"async\" width=\"660\" height=\"440\" src=\"https:\/\/www.sana.sy\/tr\/wp-content\/uploads\/2018\/12\/2-26.jpg\" alt=\"\" data-id=\"167611\" data-link=\"https:\/\/www.sana.sy\/tr\/?attachment_id=167611\" class=\"wp-image-167611\" srcset=\"https:\/\/archive.sana.sy\/tr\/wp-content\/uploads\/2018\/12\/2-26.jpg 660w, https:\/\/archive.sana.sy\/tr\/wp-content\/uploads\/2018\/12\/2-26-150x100.jpg 150w, https:\/\/archive.sana.sy\/tr\/wp-content\/uploads\/2018\/12\/2-26-300x200.jpg 300w\" sizes=\"auto, (max-width: 660px) 100vw, 660px\" \/><\/a><\/figure><\/li><\/ul>\n\n\n\n<p>K\u0131z\u0131lay \u00d6rg\u00fct\u00fc yay\u0131nlad\u0131\u011f\u0131 beyanda; ekiplerinin Deyrezzor k\u0131rsal\u0131n\u0131n do\u011fusu, bat\u0131s\u0131 ve kuzeyinde bir\u00e7ok belde ve k\u00f6y\u00fcnde \u00e7ift\u00e7i burslar\u0131ndan faydalanan \u00e7ift\u00e7ilere tah\u0131l da\u011f\u0131tma \u00e7al\u0131\u015fmalar\u0131 ba\u015flatt\u0131klar\u0131n\u0131 a\u00e7\u0131klad\u0131. Beyanda ilk s\u00fcre\u00e7te her \u00e7ift\u00e7iye 150 kg suni g\u00fcbre olmak \u00fczere toplam 900 ton suni g\u00fcbre da\u011f\u0131t\u0131laca\u011f\u0131n\u0131 a\u00e7\u0131klad\u0131. Beyanda yard\u0131m da\u011f\u0131t\u0131m\u0131n\u0131n ikinci s\u00fcrecinde her \u00e7ift\u00e7iye 200 kg olmak \u00fczere toplam 1200 ton tah\u0131l tohumu da\u011f\u0131t\u0131laca\u011f\u0131 kaydedildi.<\/p>\n\n\n\n<p>K\u0131z\u0131lay \u00d6rg\u00fct\u00fc beyan\u0131nda yard\u0131m \u00e7al\u0131\u015fmalar\u0131ndan 6 bin \u00e7ift\u00e7inin faydalanaca\u011f\u0131n\u0131 ifade etti.<\/p>\n\n\n\n<ul class=\"wp-block-gallery aligncenter columns-1 is-cropped wp-block-gallery-2 is-layout-flex wp-block-gallery-is-layout-flex\"><li class=\"blocks-gallery-item\"><figure><a href=\"https:\/\/www.sana.sy\/tr\/wp-content\/uploads\/2018\/12\/3-16.jpg\"><img loading=\"lazy\" decoding=\"async\" width=\"660\" height=\"440\" src=\"https:\/\/www.sana.sy\/tr\/wp-content\/uploads\/2018\/12\/3-16.jpg\" alt=\"\" data-id=\"167612\" data-link=\"https:\/\/www.sana.sy\/tr\/?attachment_id=167612\" class=\"wp-image-167612\" srcset=\"https:\/\/archive.sana.sy\/tr\/wp-content\/uploads\/2018\/12\/3-16.jpg 660w, https:\/\/archive.sana.sy\/tr\/wp-content\/uploads\/2018\/12\/3-16-150x100.jpg 150w, https:\/\/archive.sana.sy\/tr\/wp-content\/uploads\/2018\/12\/3-16-300x200.jpg 300w\" sizes=\"auto, (max-width: 660px) 100vw, 660px\" \/><\/a><\/figure><\/li><\/ul>\n","protected":false},"excerpt":{"rendered":"<p>DEYREZZOR \u2013 Devletin farkl\u0131 b\u00f6lgelerde \u00e7ift\u00e7ilere destek ve yard\u0131m \u00e7abalar\u0131 kapsam\u0131nda K\u0131z\u0131lay \u00d6rg\u00fct\u00fc bug\u00fcn Deyrezzor k\u0131rsal\u0131n\u0131n farkl\u0131 b\u00f6lgelerinde D\u00fcnya K\u0131z\u0131lha\u00e7 \u00d6rg\u00fct\u00fcn\u00fcn takdim etti\u011fi tah\u0131lgilleri \u00e7ift\u00e7i burslar\u0131ndan faydalanan \u00e7ift\u00e7ilere da\u011f\u0131tmaya ba\u015flad\u0131.&nbsp; K\u0131z\u0131lay \u00d6rg\u00fct\u00fc yay\u0131nlad\u0131\u011f\u0131 beyanda; ekiplerinin Deyrezzor k\u0131rsal\u0131n\u0131n do\u011fusu, bat\u0131s\u0131 ve kuzeyinde bir\u00e7ok belde ve k\u00f6y\u00fcnde \u00e7ift\u00e7i burslar\u0131ndan faydalanan \u00e7ift\u00e7ilere tah\u0131l da\u011f\u0131tma \u00e7al\u0131\u015fmalar\u0131 ba\u015flatt\u0131klar\u0131n\u0131 a\u00e7\u0131klad\u0131. Beyanda &hellip;<\/p>\n","protected":false},"author":1,"featured_media":167644,"comment_status":"closed","ping_status":"closed","sticky":false,"template":"","format":"standard","meta":{"footnotes":""},"categories":[596,479,17988,478],"tags":[],"class_list":["post-167642","post","type-post","status-publish","format-standard","has-post-thumbnail","","category-fotografli-raporlar","category-haberler-yerel","category-son-haberler","category-yerel"],"_links":{"self":[{"href":"https:\/\/archive.sana.sy\/tr\/index.php?rest_route=\/wp\/v2\/posts\/167642","targetHints":{"allow":["GET"]}}],"collection":[{"href":"https:\/\/archive.sana.sy\/tr\/index.php?rest_route=\/wp\/v2\/posts"}],"about":[{"href":"https:\/\/archive.sana.sy\/tr\/index.php?rest_route=\/wp\/v2\/types\/post"}],"author":[{"embeddable":true,"href":"https:\/\/archive.sana.sy\/tr\/index.php?rest_route=\/wp\/v2\/users\/1"}],"replies":[{"embeddable":true,"href":"https:\/\/archive.sana.sy\/tr\/index.php?rest_route=%2Fwp%2Fv2%2Fcomments&post=167642"}],"version-history":[{"count":0,"href":"https:\/\/archive.sana.sy\/tr\/index.php?rest_route=\/wp\/v2\/posts\/167642\/revisions"}],"wp:featuredmedia":[{"embeddable":true,"href":"https:\/\/archive.sana.sy\/tr\/index.php?rest_route=\/wp\/v2\/media\/167644"}],"wp:attachment":[{"href":"https:\/\/archive.sana.sy\/tr\/index.php?rest_route=%2Fwp%2Fv2%2Fmedia&parent=167642"}],"wp:term":[{"taxonomy":"category","embeddable":true,"href":"https:\/\/archive.sana.sy\/tr\/index.php?rest_route=%2Fwp%2Fv2%2Fcategories&post=167642"},{"taxonomy":"post_tag","embeddable":true,"href":"https:\/\/archive.sana.sy\/tr\/index.php?rest_route=%2Fwp%2Fv2%2Ftags&post=167642"}],"curies":[{"name":"wp","href":"https:\/\/api.w.org\/{rel}","templated":true}]}}