{"id":167816,"date":"2018-12-10T23:51:43","date_gmt":"2018-12-10T21:51:43","guid":{"rendered":"https:\/\/www.sana.sy\/tr\/?p=167816"},"modified":"2018-12-11T12:54:52","modified_gmt":"2018-12-11T10:54:52","slug":"suriyede-yatirim-firsatlari-konferansi-yarin-romanyaninbaskentinde","status":"publish","type":"post","link":"https:\/\/archive.sana.sy\/tr\/?p=167816","title":{"rendered":"Suriye&#8217;de Yat\u0131r\u0131m F\u0131rsatlar\u0131 Konferans\u0131 Yar\u0131n Romanya&#8217;n\u0131n Ba\u015fkentinde"},"content":{"rendered":"\n<p><\/p>\n\n\n\n<p>B\u00dcKRE\u015e &#8211; Suriye&#8217;deki yat\u0131r\u0131m f\u0131rsatlar\u0131na ili\u015fkin ilk\nekonomi konferans\u0131, yar\u0131n Sal\u0131 g\u00fcn\u00fc \u00e7e\u015fitli Romanya \u015firketleri yan\u0131 s\u0131ra,\nticaret ve sanayi odalar\u0131n\u0131n kat\u0131l\u0131m\u0131yla Romanya&#8217;n\u0131n ba\u015fkenti B\u00fckre\u015f&#8217;te\nyap\u0131lacak.<\/p>\n\n\n\n<p>Avrupa\nBirli\u011fi&#8217;nde t\u00fcr\u00fcn\u00fcn ilk \u00f6rne\u011fi olan konferans, B\u00fckre\u015f&#8217;teki Suriye B\u00fcy\u00fckel\u00e7ili\u011fi\ni\u015fbirli\u011fi ile Romanya Siyasi ve Ekonomik Ara\u015ft\u0131rmalar Enstit\u00fcs\u00fc&#8217;n\u00fcn giri\u015fimiyle\nd\u00fczenleniyor.<\/p>\n\n\n\n<p>Konferansa Romanya&#8217;dan ve Suriyeli ve Romanyal\u0131\u015firketlerden 120&#8217;den fazla temsilci yan\u0131 s\u0131ra, Romanya&#8217;daki diplomatik misyontemsilcisinin haz\u0131r bulunmas\u0131yla Romanya Ticaret ve Sanayi odalar\u0131 temsilcilerikat\u0131l\u0131yor.<\/p>\n\n\n\n<p>S. \u015eahhut<\/p>\n","protected":false},"excerpt":{"rendered":"<p>B\u00dcKRE\u015e &#8211; Suriye&#8217;deki yat\u0131r\u0131m f\u0131rsatlar\u0131na ili\u015fkin ilk ekonomi konferans\u0131, yar\u0131n Sal\u0131 g\u00fcn\u00fc \u00e7e\u015fitli Romanya \u015firketleri yan\u0131 s\u0131ra, ticaret ve sanayi odalar\u0131n\u0131n kat\u0131l\u0131m\u0131yla Romanya&#8217;n\u0131n ba\u015fkenti B\u00fckre\u015f&#8217;te yap\u0131lacak. Avrupa Birli\u011fi&#8217;nde t\u00fcr\u00fcn\u00fcn ilk \u00f6rne\u011fi olan konferans, B\u00fckre\u015f&#8217;teki Suriye B\u00fcy\u00fckel\u00e7ili\u011fi i\u015fbirli\u011fi ile Romanya Siyasi ve Ekonomik Ara\u015ft\u0131rmalar Enstit\u00fcs\u00fc&#8217;n\u00fcn giri\u015fimiyle d\u00fczenleniyor. Konferansa Romanya&#8217;dan ve Suriyeli ve Romanyal\u0131\u015firketlerden 120&#8217;den fazla temsilci &hellip;<\/p>\n","protected":false},"author":1,"featured_media":167817,"comment_status":"closed","ping_status":"closed","sticky":false,"template":"","format":"standard","meta":{"footnotes":""},"categories":[458,485,459,486,17988],"tags":[],"class_list":["post-167816","post","type-post","status-publish","format-standard","has-post-thumbnail","","category-dunya1","category-is-ve-sermaye","category-haberler-arap-uluslararasi-politika","category-haberler-is-ve-sermaye","category-son-haberler"],"_links":{"self":[{"href":"https:\/\/archive.sana.sy\/tr\/index.php?rest_route=\/wp\/v2\/posts\/167816","targetHints":{"allow":["GET"]}}],"collection":[{"href":"https:\/\/archive.sana.sy\/tr\/index.php?rest_route=\/wp\/v2\/posts"}],"about":[{"href":"https:\/\/archive.sana.sy\/tr\/index.php?rest_route=\/wp\/v2\/types\/post"}],"author":[{"embeddable":true,"href":"https:\/\/archive.sana.sy\/tr\/index.php?rest_route=\/wp\/v2\/users\/1"}],"replies":[{"embeddable":true,"href":"https:\/\/archive.sana.sy\/tr\/index.php?rest_route=%2Fwp%2Fv2%2Fcomments&post=167816"}],"version-history":[{"count":0,"href":"https:\/\/archive.sana.sy\/tr\/index.php?rest_route=\/wp\/v2\/posts\/167816\/revisions"}],"wp:featuredmedia":[{"embeddable":true,"href":"https:\/\/archive.sana.sy\/tr\/index.php?rest_route=\/wp\/v2\/media\/167817"}],"wp:attachment":[{"href":"https:\/\/archive.sana.sy\/tr\/index.php?rest_route=%2Fwp%2Fv2%2Fmedia&parent=167816"}],"wp:term":[{"taxonomy":"category","embeddable":true,"href":"https:\/\/archive.sana.sy\/tr\/index.php?rest_route=%2Fwp%2Fv2%2Fcategories&post=167816"},{"taxonomy":"post_tag","embeddable":true,"href":"https:\/\/archive.sana.sy\/tr\/index.php?rest_route=%2Fwp%2Fv2%2Ftags&post=167816"}],"curies":[{"name":"wp","href":"https:\/\/api.w.org\/{rel}","templated":true}]}}