{"id":167819,"date":"2018-12-11T13:13:55","date_gmt":"2018-12-11T11:13:55","guid":{"rendered":"https:\/\/www.sana.sy\/tr\/?p=167819"},"modified":"2018-12-12T13:55:16","modified_gmt":"2018-12-12T11:55:16","slug":"el-esad-iki-buyukelcinin-guven-mektuplarini-kabul-etti","status":"publish","type":"post","link":"https:\/\/archive.sana.sy\/tr\/?p=167819","title":{"rendered":"El Esad \u0130ki B\u00fcy\u00fckel\u00e7inin G\u00fcven Mektuplar\u0131n\u0131 Kabul Etti"},"content":{"rendered":"\n<p>\u015eAM \u2013 Cumhurba\u015fkan\u0131 Be\u015f\u015far el Esad bug\u00fcn \u015eam\u2019a yeni atanan Ermenistan B\u00fcy\u00fckel\u00e7isi Dikran Kevorkian ve Endonezya B\u00fcy\u00fckel\u00e7isi Jose Gregorio Biomorgi Muzzatiz\u2019in g\u00fcven mektuplar\u0131n\u0131 kabul etti.<\/p>\n\n\n\n<p>\u0130ki b\u00fcy\u00fckel\u00e7iyi ayr\u0131 ayr\u0131 kabul edip g\u00fcven mektuplar\u0131n\u0131 kabul eden Cumhurba\u015fkan\u0131 el Esad; yap\u0131lan k\u0131sa g\u00f6r\u00fc\u015fmelerde b\u00fcy\u00fckel\u00e7ilere g\u00f6revlerinde \u00fcst\u00fcn ba\u015far\u0131 temennilerinde bulundu. <\/p>\n\n\n\n<ul class=\"wp-block-gallery alignright columns-1 is-cropped wp-block-gallery-1 is-layout-flex wp-block-gallery-is-layout-flex\"><li class=\"blocks-gallery-item\"><figure><a href=\"https:\/\/www.sana.sy\/tr\/wp-content\/uploads\/2018\/12\/Esad-1-1.jpg\"><img loading=\"lazy\" decoding=\"async\" width=\"660\" height=\"391\" src=\"https:\/\/www.sana.sy\/tr\/wp-content\/uploads\/2018\/12\/Esad-1-1.jpg\" alt=\"\" data-id=\"167866\" data-link=\"https:\/\/www.sana.sy\/tr\/?attachment_id=167866\" class=\"wp-image-167866\" srcset=\"https:\/\/archive.sana.sy\/tr\/wp-content\/uploads\/2018\/12\/Esad-1-1.jpg 660w, https:\/\/archive.sana.sy\/tr\/wp-content\/uploads\/2018\/12\/Esad-1-1-150x89.jpg 150w, https:\/\/archive.sana.sy\/tr\/wp-content\/uploads\/2018\/12\/Esad-1-1-300x178.jpg 300w\" sizes=\"auto, (max-width: 660px) 100vw, 660px\" \/><\/a><\/figure><\/li><\/ul>\n\n\n\n<p>Halk Saray\u0131nda resmi merasim ile yap\u0131lan g\u00fcven mektubu teslimine Ba\u015fbakan Yard\u0131mc\u0131s\u0131 D\u0131\u015fi\u015fleri ve Gurbet\u00e7iler Bakan\u0131 Velid Muallim ve Cumhurba\u015fkanl\u0131\u011f\u0131 \u0130\u015flerinden Sorumlu Bakan Mansur Azzam kat\u0131ld\u0131lar. <\/p>\n","protected":false},"excerpt":{"rendered":"<p>\u015eAM \u2013 Cumhurba\u015fkan\u0131 Be\u015f\u015far el Esad bug\u00fcn \u015eam\u2019a yeni atanan Ermenistan B\u00fcy\u00fckel\u00e7isi Dikran Kevorkian ve Endonezya B\u00fcy\u00fckel\u00e7isi Jose Gregorio Biomorgi Muzzatiz\u2019in g\u00fcven mektuplar\u0131n\u0131 kabul etti. \u0130ki b\u00fcy\u00fckel\u00e7iyi ayr\u0131 ayr\u0131 kabul edip g\u00fcven mektuplar\u0131n\u0131 kabul eden Cumhurba\u015fkan\u0131 el Esad; yap\u0131lan k\u0131sa g\u00f6r\u00fc\u015fmelerde b\u00fcy\u00fckel\u00e7ilere g\u00f6revlerinde \u00fcst\u00fcn ba\u015far\u0131 temennilerinde bulundu. Halk Saray\u0131nda resmi merasim ile yap\u0131lan g\u00fcven mektubu &hellip;<\/p>\n","protected":false},"author":1,"featured_media":167864,"comment_status":"closed","ping_status":"closed","sticky":false,"template":"","format":"standard","meta":{"footnotes":""},"categories":[608,479,605,17988,478],"tags":[],"class_list":["post-167819","post","type-post","status-publish","format-standard","has-post-thumbnail","","category-etkinlikler","category-haberler-yerel","category-sayin-cumhurbaskani","category-son-haberler","category-yerel"],"_links":{"self":[{"href":"https:\/\/archive.sana.sy\/tr\/index.php?rest_route=\/wp\/v2\/posts\/167819","targetHints":{"allow":["GET"]}}],"collection":[{"href":"https:\/\/archive.sana.sy\/tr\/index.php?rest_route=\/wp\/v2\/posts"}],"about":[{"href":"https:\/\/archive.sana.sy\/tr\/index.php?rest_route=\/wp\/v2\/types\/post"}],"author":[{"embeddable":true,"href":"https:\/\/archive.sana.sy\/tr\/index.php?rest_route=\/wp\/v2\/users\/1"}],"replies":[{"embeddable":true,"href":"https:\/\/archive.sana.sy\/tr\/index.php?rest_route=%2Fwp%2Fv2%2Fcomments&post=167819"}],"version-history":[{"count":0,"href":"https:\/\/archive.sana.sy\/tr\/index.php?rest_route=\/wp\/v2\/posts\/167819\/revisions"}],"wp:featuredmedia":[{"embeddable":true,"href":"https:\/\/archive.sana.sy\/tr\/index.php?rest_route=\/wp\/v2\/media\/167864"}],"wp:attachment":[{"href":"https:\/\/archive.sana.sy\/tr\/index.php?rest_route=%2Fwp%2Fv2%2Fmedia&parent=167819"}],"wp:term":[{"taxonomy":"category","embeddable":true,"href":"https:\/\/archive.sana.sy\/tr\/index.php?rest_route=%2Fwp%2Fv2%2Fcategories&post=167819"},{"taxonomy":"post_tag","embeddable":true,"href":"https:\/\/archive.sana.sy\/tr\/index.php?rest_route=%2Fwp%2Fv2%2Ftags&post=167819"}],"curies":[{"name":"wp","href":"https:\/\/api.w.org\/{rel}","templated":true}]}}