{"id":167835,"date":"2018-12-11T14:03:54","date_gmt":"2018-12-11T12:03:54","guid":{"rendered":"https:\/\/www.sana.sy\/tr\/?p=167835"},"modified":"2018-12-12T13:05:32","modified_gmt":"2018-12-12T11:05:32","slug":"kahramanlarimiz-teroristlerin-saldirma-girisimlerini-cokertti","status":"publish","type":"post","link":"https:\/\/archive.sana.sy\/tr\/?p=167835","title":{"rendered":"Kahramanlar\u0131m\u0131z Ter\u00f6ristlerin Sald\u0131rma Giri\u015fimlerini \u00c7\u00f6kertti"},"content":{"rendered":"\n<p>HAMA \u2013 Ordu birliklerimiz Hama k\u0131rsal\u0131n\u0131n kuzeybat\u0131s\u0131nda askeri noktalara ter\u00f6r gruplar\u0131n\u0131n sald\u0131rma eksenlerini yo\u011fun ate\u015fe tutmalar\u0131 sonucunda tekfircilerin saflar\u0131nda a\u011f\u0131r kay\u0131plara yol a\u00e7t\u0131.<\/p>\n\n\n\n<p>SANA\u2019n\u0131n Hama muhabiri; Hama \u0130line tabi Mharda k\u0131rsal\u0131n\u0131n kuzeyinde Hamamiyyat ve Breydic k\u00f6yleri civar\u0131nda konumlanan ordu birliklerimizin Tel el Sahr K\u00f6y\u00fcnden hareketlenip b\u00f6lgede askeri noktalara sald\u0131rmaya \u00e7al\u0131\u015fan bir ter\u00f6r grubunu tespit ettiklerini ifade etti. <\/p>\n\n\n\n<p>Ordu birliklerimizin sald\u0131rgan ter\u00f6ristlere uygun silahlarla kar\u015f\u0131 koyup tekfircileri say\u0131 ve ekipmanlar\u0131yla a\u011f\u0131r kay\u0131plara u\u011fratt\u0131klar\u0131n\u0131 aktaran muhabir; sa\u011f kalan ter\u00f6ristlerin geldikleri yere geri p\u00fcsk\u00fcrt\u00fcld\u00fcklerini s\u00f6zlerine ekledi.<\/p>\n\n\n\n<p>\n\nG\u00fcn\u00fcn ilerleyen saatlerinde SANA muhabiri; Hama k\u0131rsal\u0131n\u0131n kuzeyi Zellin K\u00f6y\u00fcnde bulunan ordu birliklerimizin, Latamina Kentinin g\u00fcneyinde yer alan arazilerden s\u0131zan bir ter\u00f6r grubuyla uygun silahlarla \u00e7at\u0131\u015fmaya girdiklerini belirtti. Muhabir \u00e7at\u0131\u015fma sonucunda ter\u00f6r grubu \u00fcyelerinin \u00f6l\u00fc ve yaral\u0131 d\u00fc\u015f\u00fcr\u00fcld\u00fcklerini aktard\u0131.\u200f<br><\/p>\n","protected":false},"excerpt":{"rendered":"<p>HAMA \u2013 Ordu birliklerimiz Hama k\u0131rsal\u0131n\u0131n kuzeybat\u0131s\u0131nda askeri noktalara ter\u00f6r gruplar\u0131n\u0131n sald\u0131rma eksenlerini yo\u011fun ate\u015fe tutmalar\u0131 sonucunda tekfircilerin saflar\u0131nda a\u011f\u0131r kay\u0131plara yol a\u00e7t\u0131. SANA\u2019n\u0131n Hama muhabiri; Hama \u0130line tabi Mharda k\u0131rsal\u0131n\u0131n kuzeyinde Hamamiyyat ve Breydic k\u00f6yleri civar\u0131nda konumlanan ordu birliklerimizin Tel el Sahr K\u00f6y\u00fcnden hareketlenip b\u00f6lgede askeri noktalara sald\u0131rmaya \u00e7al\u0131\u015fan bir ter\u00f6r grubunu tespit ettiklerini &hellip;<\/p>\n","protected":false},"author":1,"featured_media":158861,"comment_status":"closed","ping_status":"closed","sticky":false,"template":"","format":"standard","meta":{"footnotes":""},"categories":[479,575,17988,478],"tags":[],"class_list":["post-167835","post","type-post","status-publish","format-standard","has-post-thumbnail","","category-haberler-yerel","category-olaylar-ve-gercekler","category-son-haberler","category-yerel"],"_links":{"self":[{"href":"https:\/\/archive.sana.sy\/tr\/index.php?rest_route=\/wp\/v2\/posts\/167835","targetHints":{"allow":["GET"]}}],"collection":[{"href":"https:\/\/archive.sana.sy\/tr\/index.php?rest_route=\/wp\/v2\/posts"}],"about":[{"href":"https:\/\/archive.sana.sy\/tr\/index.php?rest_route=\/wp\/v2\/types\/post"}],"author":[{"embeddable":true,"href":"https:\/\/archive.sana.sy\/tr\/index.php?rest_route=\/wp\/v2\/users\/1"}],"replies":[{"embeddable":true,"href":"https:\/\/archive.sana.sy\/tr\/index.php?rest_route=%2Fwp%2Fv2%2Fcomments&post=167835"}],"version-history":[{"count":0,"href":"https:\/\/archive.sana.sy\/tr\/index.php?rest_route=\/wp\/v2\/posts\/167835\/revisions"}],"wp:featuredmedia":[{"embeddable":true,"href":"https:\/\/archive.sana.sy\/tr\/index.php?rest_route=\/wp\/v2\/media\/158861"}],"wp:attachment":[{"href":"https:\/\/archive.sana.sy\/tr\/index.php?rest_route=%2Fwp%2Fv2%2Fmedia&parent=167835"}],"wp:term":[{"taxonomy":"category","embeddable":true,"href":"https:\/\/archive.sana.sy\/tr\/index.php?rest_route=%2Fwp%2Fv2%2Fcategories&post=167835"},{"taxonomy":"post_tag","embeddable":true,"href":"https:\/\/archive.sana.sy\/tr\/index.php?rest_route=%2Fwp%2Fv2%2Ftags&post=167835"}],"curies":[{"name":"wp","href":"https:\/\/api.w.org\/{rel}","templated":true}]}}