{"id":167863,"date":"2018-12-11T12:00:47","date_gmt":"2018-12-11T10:00:47","guid":{"rendered":"https:\/\/www.sana.sy\/tr\/?p=167863"},"modified":"2018-12-12T13:11:47","modified_gmt":"2018-12-12T11:11:47","slug":"suriyeli-cambaz-yedinci-sirayi-kazandi","status":"publish","type":"post","link":"https:\/\/archive.sana.sy\/tr\/?p=167863","title":{"rendered":"Suriyeli Cambaz Yedinci S\u0131ray\u0131 Kazand\u0131"},"content":{"rendered":"\n<p>TOKYO \u2013 Japonya\u2019n\u0131n ba\u015fkenti Tokyo\u2019da d\u00fczenlenmekte olan D\u00fcnya Kupas\u0131nda Suriyeli Cambaz Yezan S\u00fcleyman 7. S\u0131ray\u0131 kazand\u0131.<\/p>\n\n\n\n<p>Yer hareketlerinde \u00fcst\u00fcn performans kaydedip 12,35 derece alan S\u00fcleyman; ABD, Japonya, Rusya, Kanada, \u0130ngiltere ve Almanya ba\u015fta olmak \u00fczere d\u00fcnyan\u0131n farkl\u0131 devletlerinden kat\u0131lan 30 cambaz\u0131 geride b\u0131rakmay\u0131 ba\u015fard\u0131. <\/p>\n\n\n\n<p>Suriye Cambazlar Birli\u011fi Ba\u015fkan\u0131 Fayiz el Hatip SANA\u2019ya demecinde; S\u00fcleyman\u2019\u0131n Suriye&#8217;nin en ba\u015far\u0131l\u0131 cambazlardan biri oldu\u011funa dikkat \u00e7ekerken, yerel ve b\u00f6lgesel d\u00fczeyde \u00f6nemli ba\u015far\u0131lara imza atm\u0131\u015f oldu\u011funu kaydetti.<\/p>\n","protected":false},"excerpt":{"rendered":"<p>TOKYO \u2013 Japonya\u2019n\u0131n ba\u015fkenti Tokyo\u2019da d\u00fczenlenmekte olan D\u00fcnya Kupas\u0131nda Suriyeli Cambaz Yezan S\u00fcleyman 7. S\u0131ray\u0131 kazand\u0131. Yer hareketlerinde \u00fcst\u00fcn performans kaydedip 12,35 derece alan S\u00fcleyman; ABD, Japonya, Rusya, Kanada, \u0130ngiltere ve Almanya ba\u015fta olmak \u00fczere d\u00fcnyan\u0131n farkl\u0131 devletlerinden kat\u0131lan 30 cambaz\u0131 geride b\u0131rakmay\u0131 ba\u015fard\u0131. Suriye Cambazlar Birli\u011fi Ba\u015fkan\u0131 Fayiz el Hatip SANA\u2019ya demecinde; S\u00fcleyman\u2019\u0131n Suriye&#8217;nin &hellip;<\/p>\n","protected":false},"author":1,"featured_media":167869,"comment_status":"closed","ping_status":"closed","sticky":false,"template":"","format":"standard","meta":{"footnotes":""},"categories":[458,498,459,17988,496],"tags":[],"class_list":["post-167863","post","type-post","status-publish","format-standard","has-post-thumbnail","","category-dunya1","category-dunya-turnuvalari","category-haberler-arap-uluslararasi-politika","category-son-haberler","category-spor"],"_links":{"self":[{"href":"https:\/\/archive.sana.sy\/tr\/index.php?rest_route=\/wp\/v2\/posts\/167863","targetHints":{"allow":["GET"]}}],"collection":[{"href":"https:\/\/archive.sana.sy\/tr\/index.php?rest_route=\/wp\/v2\/posts"}],"about":[{"href":"https:\/\/archive.sana.sy\/tr\/index.php?rest_route=\/wp\/v2\/types\/post"}],"author":[{"embeddable":true,"href":"https:\/\/archive.sana.sy\/tr\/index.php?rest_route=\/wp\/v2\/users\/1"}],"replies":[{"embeddable":true,"href":"https:\/\/archive.sana.sy\/tr\/index.php?rest_route=%2Fwp%2Fv2%2Fcomments&post=167863"}],"version-history":[{"count":0,"href":"https:\/\/archive.sana.sy\/tr\/index.php?rest_route=\/wp\/v2\/posts\/167863\/revisions"}],"wp:featuredmedia":[{"embeddable":true,"href":"https:\/\/archive.sana.sy\/tr\/index.php?rest_route=\/wp\/v2\/media\/167869"}],"wp:attachment":[{"href":"https:\/\/archive.sana.sy\/tr\/index.php?rest_route=%2Fwp%2Fv2%2Fmedia&parent=167863"}],"wp:term":[{"taxonomy":"category","embeddable":true,"href":"https:\/\/archive.sana.sy\/tr\/index.php?rest_route=%2Fwp%2Fv2%2Fcategories&post=167863"},{"taxonomy":"post_tag","embeddable":true,"href":"https:\/\/archive.sana.sy\/tr\/index.php?rest_route=%2Fwp%2Fv2%2Ftags&post=167863"}],"curies":[{"name":"wp","href":"https:\/\/api.w.org\/{rel}","templated":true}]}}