{"id":167906,"date":"2018-12-12T12:07:41","date_gmt":"2018-12-12T10:07:41","guid":{"rendered":"https:\/\/www.sana.sy\/tr\/?p=167906"},"modified":"2018-12-13T15:08:42","modified_gmt":"2018-12-13T13:08:42","slug":"tek-bir-takim-tek-bir-millet-tek-bir-suriye","status":"publish","type":"post","link":"https:\/\/archive.sana.sy\/tr\/?p=167906","title":{"rendered":"Tek Bir Tak\u0131m\u2026 Tek Bir Millet\u2026 Tek Bir Suriye"},"content":{"rendered":"\n<p>\u015eAM \u2013 \u00d6n\u00fcm\u00fczdeki Ocak ay\u0131n\u0131n ba\u015flar\u0131nda Birle\u015fik Arap Emirliklerinde start\u0131 yap\u0131lacak Asya Kupas\u0131 finallerinde futbol tak\u0131m\u0131m\u0131z\u0131n resmi slogan\u0131 \u201cTek Bir Tak\u0131m\u2026 Tek Bir Millet\u2026 Tek Bir Suriye\u201d olarak belirlendi. <\/p>\n\n\n\n<p>Asya Futbol Federasyonu Asya Kupas\u0131 finallerine kat\u0131lacak tak\u0131mlar\u0131n otob\u00fcsleri \u00fczerinde yer alacak ve Asya\u2019n\u0131n her yerinden halk kitlelerinin sunduklar\u0131 resmi sloganlar\u0131n belirlendi\u011fini a\u00e7\u0131klam\u0131\u015ft\u0131. <\/p>\n\n\n\n<p>Bu ba\u011flamda halk kitleleri taraf\u0131ndan ilk s\u00fcre\u00e7te binlerce \u00f6nerinin sunuldu\u011funu a\u00e7\u0131klayan federasyon, ikinci s\u00fcre\u00e7te de oylamaya sunulmak \u00fczere 3 slogan\u0131n se\u00e7ildi\u011fini kaydetti. <\/p>\n\n\n\n<p>Federasyon halk kitlelerinin \u00fclkelerinin tak\u0131mlar\u0131na desteklerini ifade etmelerine f\u0131rsat verilmesini ama\u00e7layan bu ad\u0131mda Suriye tak\u0131m\u0131n\u0131n resmi slogan\u0131n\u0131n \u201cTek Bir Tak\u0131m\u2026 Tek Bir Millet\u2026 Tek Bir Suriye\u201d olarak belirlendi\u011fini ifade etti.<\/p>\n","protected":false},"excerpt":{"rendered":"<p>\u015eAM \u2013 \u00d6n\u00fcm\u00fczdeki Ocak ay\u0131n\u0131n ba\u015flar\u0131nda Birle\u015fik Arap Emirliklerinde start\u0131 yap\u0131lacak Asya Kupas\u0131 finallerinde futbol tak\u0131m\u0131m\u0131z\u0131n resmi slogan\u0131 \u201cTek Bir Tak\u0131m\u2026 Tek Bir Millet\u2026 Tek Bir Suriye\u201d olarak belirlendi. Asya Futbol Federasyonu Asya Kupas\u0131 finallerine kat\u0131lacak tak\u0131mlar\u0131n otob\u00fcsleri \u00fczerinde yer alacak ve Asya\u2019n\u0131n her yerinden halk kitlelerinin sunduklar\u0131 resmi sloganlar\u0131n belirlendi\u011fini a\u00e7\u0131klam\u0131\u015ft\u0131. Bu ba\u011flamda halk &hellip;<\/p>\n","protected":false},"author":1,"featured_media":167907,"comment_status":"closed","ping_status":"closed","sticky":false,"template":"","format":"standard","meta":{"footnotes":""},"categories":[498,479,17988,496,478],"tags":[],"class_list":["post-167906","post","type-post","status-publish","format-standard","has-post-thumbnail","","category-dunya-turnuvalari","category-haberler-yerel","category-son-haberler","category-spor","category-yerel"],"_links":{"self":[{"href":"https:\/\/archive.sana.sy\/tr\/index.php?rest_route=\/wp\/v2\/posts\/167906","targetHints":{"allow":["GET"]}}],"collection":[{"href":"https:\/\/archive.sana.sy\/tr\/index.php?rest_route=\/wp\/v2\/posts"}],"about":[{"href":"https:\/\/archive.sana.sy\/tr\/index.php?rest_route=\/wp\/v2\/types\/post"}],"author":[{"embeddable":true,"href":"https:\/\/archive.sana.sy\/tr\/index.php?rest_route=\/wp\/v2\/users\/1"}],"replies":[{"embeddable":true,"href":"https:\/\/archive.sana.sy\/tr\/index.php?rest_route=%2Fwp%2Fv2%2Fcomments&post=167906"}],"version-history":[{"count":0,"href":"https:\/\/archive.sana.sy\/tr\/index.php?rest_route=\/wp\/v2\/posts\/167906\/revisions"}],"wp:featuredmedia":[{"embeddable":true,"href":"https:\/\/archive.sana.sy\/tr\/index.php?rest_route=\/wp\/v2\/media\/167907"}],"wp:attachment":[{"href":"https:\/\/archive.sana.sy\/tr\/index.php?rest_route=%2Fwp%2Fv2%2Fmedia&parent=167906"}],"wp:term":[{"taxonomy":"category","embeddable":true,"href":"https:\/\/archive.sana.sy\/tr\/index.php?rest_route=%2Fwp%2Fv2%2Fcategories&post=167906"},{"taxonomy":"post_tag","embeddable":true,"href":"https:\/\/archive.sana.sy\/tr\/index.php?rest_route=%2Fwp%2Fv2%2Ftags&post=167906"}],"curies":[{"name":"wp","href":"https:\/\/api.w.org\/{rel}","templated":true}]}}