{"id":168484,"date":"2018-12-18T12:00:41","date_gmt":"2018-12-18T10:00:41","guid":{"rendered":"https:\/\/www.sana.sy\/tr\/?p=168484"},"modified":"2018-12-19T13:14:00","modified_gmt":"2018-12-19T11:14:00","slug":"muallim-oncelik-idlibi-kurtarmaktir-hic-kimse-kurt-federalligini-kabul-edemez","status":"publish","type":"post","link":"https:\/\/archive.sana.sy\/tr\/?p=168484","title":{"rendered":"Muallim: \u00d6ncelik \u0130dlib\u2019i Kurtarmakt\u0131r\u2026 Hi\u00e7 Kimse K\u00fcrt Federalli\u011fini Kabul Edemez"},"content":{"rendered":"\n<p>\u015eAM \u2013 Ba\u015fbakan Yard\u0131mc\u0131s\u0131 D\u0131\u015fi\u015fleri ve Gurbet\u00e7iler Bakan\u0131 Velid Muallim; Suriye&#8217;nin maruz kald\u0131\u011f\u0131 t\u00fcm bu muhtelif y\u00f6nl\u00fc sava\u015fa ra\u011fmen milli davalara inanc\u0131ndan caymad\u0131\u011f\u0131n\u0131 vurgularken, b\u00f6lgenin tan\u0131k oldu\u011fu bu durumlar\u0131n mutlaka d\u00fczeltilmesi gereken ortak milli \u00e7al\u0131\u015fmalardaki aksakl\u0131k oldu\u011funu ifade etti.<\/p>\n\n\n\n<p>\u015eam \u00dcniversitesi \u00f6\u011fretim g\u00f6revlileri ve \u00f6\u011frencileri ile d\u00fcn ak\u015fam \u00dcniversite Konferans Salonunda bir araya gelen Muallim; Sudan Ba\u015fkan\u0131 \u00d6mer el Be\u015fir\u2019in Suriye&#8217;ye bulundu\u011fu ziyaretin, Suriye&#8217;ye uygulanan zalim yapt\u0131r\u0131mlar\u0131n k\u0131r\u0131lmas\u0131nda bir ad\u0131m te\u015fkil etti\u011fini s\u00f6yledi.<\/p>\n\n\n\n<ul class=\"wp-block-gallery alignright columns-1 is-cropped wp-block-gallery-1 is-layout-flex wp-block-gallery-is-layout-flex\"><li class=\"blocks-gallery-item\"><figure><a href=\"https:\/\/www.sana.sy\/tr\/wp-content\/uploads\/2018\/12\/Muallim-1.jpg\"><img loading=\"lazy\" decoding=\"async\" width=\"660\" height=\"440\" src=\"https:\/\/www.sana.sy\/tr\/wp-content\/uploads\/2018\/12\/Muallim-1.jpg\" alt=\"\" data-id=\"168487\" data-link=\"https:\/\/www.sana.sy\/tr\/?attachment_id=168487\" class=\"wp-image-168487\" srcset=\"https:\/\/archive.sana.sy\/tr\/wp-content\/uploads\/2018\/12\/Muallim-1.jpg 660w, https:\/\/archive.sana.sy\/tr\/wp-content\/uploads\/2018\/12\/Muallim-1-150x100.jpg 150w, https:\/\/archive.sana.sy\/tr\/wp-content\/uploads\/2018\/12\/Muallim-1-300x200.jpg 300w\" sizes=\"auto, (max-width: 660px) 100vw, 660px\" \/><\/a><\/figure><\/li><\/ul>\n\n\n\n<p>Muallim Suriye ve b\u00f6lgenin tan\u0131k oldu\u011fu bu d\u00fc\u015fmanc\u0131 planlar\u0131n g\u00f6r\u00fcn\u00fcrde ABD planlar\u0131 oldu\u011funa i\u015faret ederken, fakat ger\u00e7ekte bu planlar\u0131n Suriye&#8217;nin b\u00f6lgedeki kilit rol\u00fc ve g\u00fcc\u00fcn\u00fc k\u0131rmay\u0131 ama\u00e7layan \u0130srail planlar\u0131ndan ba\u015fka bir \u015fey olmad\u0131\u011f\u0131n\u0131n alt\u0131n\u0131 \u00e7izdi.<\/p>\n\n\n\n<p>Suriye&#8217;nin kuzeydo\u011fusundaki durumlar konusunda ise Muallim; kesinlikle hi\u00e7 kimsenin ba\u011f\u0131ms\u0131z ya da federal varl\u0131klar\u0131n bulunmas\u0131n\u0131 kabul etmedi\u011fine vurgu yapt\u0131. Muallim ku\u015fkusuz herkesin vatana d\u00f6nmesi gerekti\u011finin alt\u0131n\u0131 \u00e7izdi. Vatan\u0131n vatansever herkese teredd\u00fcts\u00fcz kucak a\u00e7t\u0131\u011f\u0131n\u0131 ifade eden Muallim; Suriye&#8217;nin her kar\u0131\u015f topra\u011f\u0131nda g\u00fcvenlik, istikrar ve egemenli\u011fin sa\u011flanmas\u0131nda devlet karar\u0131n\u0131n tart\u0131\u015fmas\u0131z ve \u0131srarc\u0131 bir karar oldu\u011funu vurgulad\u0131. <\/p>\n\n\n\n<ul class=\"wp-block-gallery alignright columns-1 is-cropped wp-block-gallery-2 is-layout-flex wp-block-gallery-is-layout-flex\"><li class=\"blocks-gallery-item\"><figure><a href=\"https:\/\/www.sana.sy\/tr\/wp-content\/uploads\/2018\/12\/Muallim-2.jpg\"><img loading=\"lazy\" decoding=\"async\" width=\"660\" height=\"401\" src=\"https:\/\/www.sana.sy\/tr\/wp-content\/uploads\/2018\/12\/Muallim-2.jpg\" alt=\"\" data-id=\"168488\" data-link=\"https:\/\/www.sana.sy\/tr\/?attachment_id=168488\" class=\"wp-image-168488\" srcset=\"https:\/\/archive.sana.sy\/tr\/wp-content\/uploads\/2018\/12\/Muallim-2.jpg 660w, https:\/\/archive.sana.sy\/tr\/wp-content\/uploads\/2018\/12\/Muallim-2-150x91.jpg 150w, https:\/\/archive.sana.sy\/tr\/wp-content\/uploads\/2018\/12\/Muallim-2-300x182.jpg 300w\" sizes=\"auto, (max-width: 660px) 100vw, 660px\" \/><\/a><\/figure><\/li><\/ul>\n\n\n\n<p>Bir hafta \u00f6nce ba\u015fkent \u015eam\u2019da d\u00fczenlenen Suriye Rusya karma komitesi toplant\u0131lar\u0131n\u0131n \u00f6nemine dikkat \u00e7eken Muallim; bu toplant\u0131lar sonucunda iki taraf aras\u0131nda ekonomi, sosyal, k\u00fclt\u00fcrel, bilimsel ve daha ba\u015fka alanlarda stratejik ortakl\u0131klar ve \u015firketlerin kurulaca\u011f\u0131n\u0131 a\u00e7\u0131klad\u0131. <\/p>\n\n\n\n<p>Muallim Suriye ve halk\u0131na kar\u015f\u0131 d\u00fc\u015fmanc\u0131 planlar\u0131 hayata ge\u00e7irmeye \u00e7al\u0131\u015fan ve ter\u00f6r\u00fc destekleyen devletlerin hem kendi aralar\u0131nda hem de bizzat i\u00e7lerinde ciddi siyasi ve ekonomik sorunlar ya\u015famaya ba\u015flad\u0131klar\u0131na dikkat \u00e7ekti. Suriye&#8217;nin g\u00fcnden g\u00fcne daha iyi bir duruma geldi\u011fini ifade eden Muallim, Suriye ve halk\u0131na kar\u015f\u0131 d\u00fc\u015fmanc\u0131 planlar\u0131 ve ter\u00f6r\u00fc destekleyen devletlerin gelecekte kesinlikle iyi durumda olmayacaklar\u0131n\u0131 s\u00f6zlerine ekledi.<\/p>\n\n\n\n<ul class=\"wp-block-gallery alignright columns-1 is-cropped wp-block-gallery-3 is-layout-flex wp-block-gallery-is-layout-flex\"><li class=\"blocks-gallery-item\"><figure><a href=\"https:\/\/www.sana.sy\/tr\/wp-content\/uploads\/2018\/12\/Muallim-3.jpg\"><img loading=\"lazy\" decoding=\"async\" width=\"660\" height=\"389\" src=\"https:\/\/www.sana.sy\/tr\/wp-content\/uploads\/2018\/12\/Muallim-3.jpg\" alt=\"\" data-id=\"168489\" data-link=\"https:\/\/www.sana.sy\/tr\/?attachment_id=168489\" class=\"wp-image-168489\" srcset=\"https:\/\/archive.sana.sy\/tr\/wp-content\/uploads\/2018\/12\/Muallim-3.jpg 660w, https:\/\/archive.sana.sy\/tr\/wp-content\/uploads\/2018\/12\/Muallim-3-150x88.jpg 150w, https:\/\/archive.sana.sy\/tr\/wp-content\/uploads\/2018\/12\/Muallim-3-300x177.jpg 300w\" sizes=\"auto, (max-width: 660px) 100vw, 660px\" \/><\/a><\/figure><\/li><\/ul>\n\n\n\n<p>Bulu\u015fmada sorular\u0131 cevaplayan Muallim \u0130dlib konusunda \u015funlar\u0131 s\u00f6yledi: \u201cDevletin \u015fu an temel \u00f6nceli\u011fi \u0130dlib \u0130lini ter\u00f6rden kurtarmakt\u0131r. Bu konuda Suriye ve Rusya aras\u0131nda daimi ve s\u0131k\u0131 bir koordinasyon mevcuttur. T\u00fcrkiye rejimi ba\u015fkan\u0131 Recep Tayyip Erdo\u011fan ve kiral\u0131k ter\u00f6ristleri \u015fu ana dek \u0130dlib konusunda sa\u011flanan anla\u015fmalara ba\u011fl\u0131 kalmad\u0131lar\u2026\u201d <\/p>\n\n\n\n<p>Suriye y\u00f6netiminin \u0130dlib\u2019in kurtar\u0131lmas\u0131nda siyasi diyalogu tercih etti\u011fini vurgulayan Muallim; fakat sonu\u00e7 itibar\u0131yla Suriye&#8217;nin \u0130dlib dahil vatan topraklar\u0131n\u0131n her kar\u0131\u015f\u0131n\u0131 ter\u00f6rden kurtar\u0131p egemenlik ve g\u00fcvenli\u011fi sa\u011flama karar\u0131nda azimli oldu\u011funun alt\u0131n\u0131 \u00e7izdi.<\/p>\n\n\n\n<p>Anayasa komitesinin te\u015fkili konusunda ise Muallim; bu komitenin g\u00f6reve ba\u015flamas\u0131ndan s\u00f6z etmek i\u00e7in zaman\u0131n hen\u00fcz erken oldu\u011funu; \u00e7\u00fcnk\u00fc bir k\u0131s\u0131m Arap \u00fclkeleri ve T\u00fcrkiye rejiminin bu komitenin te\u015fkil edilmesi \u00e7abalar\u0131n\u0131 aksatt\u0131klar\u0131na dikkat \u00e7ekti.<\/p>\n\n\n\n<p>Muallim sorular\u0131 yan\u0131tlarken K\u00fcrt militanlar\u0131n davran\u0131\u015flar\u0131 ve T\u00fcrkiye rejiminin Suriye&#8217;nin kuzeyindeki b\u00f6lgelere bulundu\u011fu sald\u0131r\u0131lara da de\u011findi. Bu konuda Suriyeli K\u00fcrtlerin Suriye halk\u0131n\u0131n ayr\u0131lmaz bir par\u00e7as\u0131 oldu\u011funu belirten Muallim; Suriye h\u00fck\u00fcmetinin her daim diyaloga a\u00e7\u0131k olmas\u0131yla her kesi ABD vaatleri ve hayallerine kap\u0131lmamaya davet etti.<\/p>\n\n\n\n<ul class=\"wp-block-gallery alignright columns-1 is-cropped wp-block-gallery-4 is-layout-flex wp-block-gallery-is-layout-flex\"><li class=\"blocks-gallery-item\"><figure><a href=\"https:\/\/www.sana.sy\/tr\/wp-content\/uploads\/2018\/12\/Muallim-4.jpg\"><img loading=\"lazy\" decoding=\"async\" width=\"660\" height=\"440\" src=\"https:\/\/www.sana.sy\/tr\/wp-content\/uploads\/2018\/12\/Muallim-4.jpg\" alt=\"\" data-id=\"168490\" data-link=\"https:\/\/www.sana.sy\/tr\/?attachment_id=168490\" class=\"wp-image-168490\" srcset=\"https:\/\/archive.sana.sy\/tr\/wp-content\/uploads\/2018\/12\/Muallim-4.jpg 660w, https:\/\/archive.sana.sy\/tr\/wp-content\/uploads\/2018\/12\/Muallim-4-150x100.jpg 150w, https:\/\/archive.sana.sy\/tr\/wp-content\/uploads\/2018\/12\/Muallim-4-300x200.jpg 300w\" sizes=\"auto, (max-width: 660px) 100vw, 660px\" \/><\/a><\/figure><\/li><\/ul>\n\n\n\n<p>Suriye&#8217;de gayr\u0131 me\u015fru bir \u015fekilde bulunan yabanc\u0131 g\u00fc\u00e7ler konusunda ise Muallim; bu devletlerin Suriye&#8217;de siyasi \u00e7\u00f6z\u00fcmde kendilerine bir pay ve rol arad\u0131klar\u0131n\u0131 ifade etti. Bu devletlerin hi\u00e7bir \u015fekilde emellerine ula\u015famayacaklar\u0131n\u0131 belirten Muallim; dolay\u0131s\u0131yla Suriye topraklar\u0131na i\u015fgallerine son vermeleri gerekti\u011fini vurgulad\u0131. <\/p>\n\n\n\n<p>Tehcir edilen Suriyelilerin geri d\u00f6n\u00fc\u015fleri konusunda ise Muallim; Suriye&#8217;nin bunun i\u00e7in gerekli ortam ve ko\u015fullar\u0131 sa\u011flad\u0131\u011f\u0131n\u0131 belirtti. \u015eu ana dek 220 binden fazla Suriyelinin vatana d\u00f6nd\u00fcklerini belirten Muallim; aralar\u0131nda kanunsuz bir \u015fekilde \u00e7\u0131kanlar bulunmas\u0131yla hi\u00e7 birinin herhangi bir \u015fekilde rahats\u0131z edilmediklerini belirtti. Muallim tam tersine Suriye&#8217;nin t\u00fcm evlatlar\u0131na s\u0131cak kuca\u011f\u0131n\u0131 a\u00e7t\u0131\u011f\u0131n\u0131, onlara onurlu ve h\u00fcr bir ya\u015fam\u0131 garantilemeye \u00e7al\u0131\u015ft\u0131\u011f\u0131n\u0131n alt\u0131n\u0131 \u00e7izdi. <\/p>\n\n\n\n<p>Bir k\u0131s\u0131m devletlerin Suriyelilerin d\u00f6n\u00fc\u015flerini engellemeye \u00e7al\u0131\u015ft\u0131klar\u0131n\u0131 belirten Muallim, ama\u00e7lar\u0131n\u0131n siyasi ticaretini yapmak oldu\u011funu ifade etti. <\/p>\n","protected":false},"excerpt":{"rendered":"<p>\u015eAM \u2013 Ba\u015fbakan Yard\u0131mc\u0131s\u0131 D\u0131\u015fi\u015fleri ve Gurbet\u00e7iler Bakan\u0131 Velid Muallim; Suriye&#8217;nin maruz kald\u0131\u011f\u0131 t\u00fcm bu muhtelif y\u00f6nl\u00fc sava\u015fa ra\u011fmen milli davalara inanc\u0131ndan caymad\u0131\u011f\u0131n\u0131 vurgularken, b\u00f6lgenin tan\u0131k oldu\u011fu bu durumlar\u0131n mutlaka d\u00fczeltilmesi gereken ortak milli \u00e7al\u0131\u015fmalardaki aksakl\u0131k oldu\u011funu ifade etti. \u015eam \u00dcniversitesi \u00f6\u011fretim g\u00f6revlileri ve \u00f6\u011frencileri ile d\u00fcn ak\u015fam \u00dcniversite Konferans Salonunda bir araya gelen Muallim; &hellip;<\/p>\n","protected":false},"author":1,"featured_media":168486,"comment_status":"closed","ping_status":"closed","sticky":false,"template":"","format":"standard","meta":{"footnotes":""},"categories":[479,17988,478],"tags":[],"class_list":["post-168484","post","type-post","status-publish","format-standard","has-post-thumbnail","","category-haberler-yerel","category-son-haberler","category-yerel"],"_links":{"self":[{"href":"https:\/\/archive.sana.sy\/tr\/index.php?rest_route=\/wp\/v2\/posts\/168484","targetHints":{"allow":["GET"]}}],"collection":[{"href":"https:\/\/archive.sana.sy\/tr\/index.php?rest_route=\/wp\/v2\/posts"}],"about":[{"href":"https:\/\/archive.sana.sy\/tr\/index.php?rest_route=\/wp\/v2\/types\/post"}],"author":[{"embeddable":true,"href":"https:\/\/archive.sana.sy\/tr\/index.php?rest_route=\/wp\/v2\/users\/1"}],"replies":[{"embeddable":true,"href":"https:\/\/archive.sana.sy\/tr\/index.php?rest_route=%2Fwp%2Fv2%2Fcomments&post=168484"}],"version-history":[{"count":0,"href":"https:\/\/archive.sana.sy\/tr\/index.php?rest_route=\/wp\/v2\/posts\/168484\/revisions"}],"wp:featuredmedia":[{"embeddable":true,"href":"https:\/\/archive.sana.sy\/tr\/index.php?rest_route=\/wp\/v2\/media\/168486"}],"wp:attachment":[{"href":"https:\/\/archive.sana.sy\/tr\/index.php?rest_route=%2Fwp%2Fv2%2Fmedia&parent=168484"}],"wp:term":[{"taxonomy":"category","embeddable":true,"href":"https:\/\/archive.sana.sy\/tr\/index.php?rest_route=%2Fwp%2Fv2%2Fcategories&post=168484"},{"taxonomy":"post_tag","embeddable":true,"href":"https:\/\/archive.sana.sy\/tr\/index.php?rest_route=%2Fwp%2Fv2%2Ftags&post=168484"}],"curies":[{"name":"wp","href":"https:\/\/api.w.org\/{rel}","templated":true}]}}