{"id":168492,"date":"2018-12-18T15:13:50","date_gmt":"2018-12-18T13:13:50","guid":{"rendered":"https:\/\/www.sana.sy\/tr\/?p=168492"},"modified":"2018-12-19T13:16:46","modified_gmt":"2018-12-19T11:16:46","slug":"mariani-batili-devletler-suriye-konusunda-tutumlarini-yeniden-gozden-gecirmeliler","status":"publish","type":"post","link":"https:\/\/archive.sana.sy\/tr\/?p=168492","title":{"rendered":"Mariani: Bat\u0131l\u0131 Devletler Suriye Konusunda Tutumlar\u0131n\u0131 Yeniden G\u00f6zden Ge\u00e7irmeliler"},"content":{"rendered":"\n<p>\u015eAM \u2013 D\u0131\u015fi\u015fleri ve Gurbet\u00e7iler Bakan Yard\u0131mc\u0131s\u0131 Eyman Sosan bug\u00fcn \u00f6\u011fleden \u00f6nce Frans\u0131z eski bakan ve milletvekili Thierry Mariani ve Suriye ziyaretinde ona e\u015flik eden heyeti kabul etti.<\/p>\n\n\n\n<p>Suriye ve b\u00f6lgedeki son durum ve geli\u015fmelerin ele al\u0131nd\u0131\u011f\u0131 g\u00f6r\u00fc\u015fmede Sosan; bir k\u0131s\u0131m devletlerin Suriye&#8217;ye bulunduklar\u0131 m\u00fcdahalelerin her daim Suriye&#8217;de \u00e7\u00f6z\u00fcm\u00fc engelleme, sava\u015f s\u00fcresini uzatma ve ter\u00f6ristlere destek ama\u00e7l\u0131 oldu\u011funu vurgulad\u0131. <\/p>\n\n\n\n<p>Bakan Yard\u0131mc\u0131s\u0131 Sosan Suriyelilerin g\u00fcn\u00fcm\u00fczde her zamandan daha \u00e7ok ulusal egemenliklerine ba\u011fl\u0131 olduklar\u0131n\u0131 ifade ederken; Avrupal\u0131 devletlerin ABD politikas\u0131 ve tutumlar\u0131n\u0131 izlemeleriyle egemenlik ve ba\u011f\u0131ms\u0131zl\u0131ktan yoksun kald\u0131klar\u0131n\u0131 belirtti. Suriye ve halk\u0131na kanunsuz kat\u0131 yapt\u0131r\u0131mlar uygulayan devletlerin Suriyelilerin masum kanlar\u0131n\u0131n ak\u0131t\u0131lmas\u0131 su\u00e7unda ortak olduklar\u0131n\u0131 ifade eden Sosan; bu devletlerin uluslar aras\u0131 d\u00fczeyde g\u00fcvenirlik ve d\u00fcr\u00fcstl\u00fcklerini kaybettiklerini s\u00f6yledi.<\/p>\n\n\n\n<ul class=\"wp-block-gallery alignright columns-1 is-cropped wp-block-gallery-1 is-layout-flex wp-block-gallery-is-layout-flex\"><li class=\"blocks-gallery-item\"><figure><a href=\"https:\/\/www.sana.sy\/tr\/wp-content\/uploads\/2018\/12\/Sosan-1-1.jpg\"><img loading=\"lazy\" decoding=\"async\" width=\"660\" height=\"370\" src=\"https:\/\/www.sana.sy\/tr\/wp-content\/uploads\/2018\/12\/Sosan-1-1.jpg\" alt=\"\" data-id=\"168494\" data-link=\"https:\/\/www.sana.sy\/tr\/?attachment_id=168494\" class=\"wp-image-168494\" srcset=\"https:\/\/archive.sana.sy\/tr\/wp-content\/uploads\/2018\/12\/Sosan-1-1.jpg 660w, https:\/\/archive.sana.sy\/tr\/wp-content\/uploads\/2018\/12\/Sosan-1-1-150x84.jpg 150w, https:\/\/archive.sana.sy\/tr\/wp-content\/uploads\/2018\/12\/Sosan-1-1-300x168.jpg 300w\" sizes=\"auto, (max-width: 660px) 100vw, 660px\" \/><\/a><\/figure><\/li><\/ul>\n\n\n\n<p>Frans\u0131z konuk Mariani ise ter\u00f6re kar\u015f\u0131 sa\u011flad\u0131\u011f\u0131 \u00fcst\u00fcn ba\u015far\u0131lar ve zaferler ard\u0131ndan Suriye&#8217;yi ziyaret etmekten memnuniyetini ifade ederken; Suriye&#8217;nin bu krizi atlatmakla birlikte her daim oldu\u011fu gibi karde\u015flik, ho\u015fg\u00f6r\u00fc ve ortak ya\u015fam modeli olmaya devam edece\u011fine inand\u0131\u011f\u0131n\u0131 belirtti.<\/p>\n\n\n\n<p>Bat\u0131l\u0131 devletlerin dar g\u00f6r\u00fc\u015fl\u00fc yanl\u0131\u015f politikalar\u0131n\u0131 ele\u015ftiren Mariani; bu yanl\u0131\u015f politikalar nedeniyle bu devletlerin kendi i\u00e7lerinde ciddi ekonomik ve sosyal sorunlar ya\u015fad\u0131klar\u0131n\u0131 ifade etti. Mariani ayn\u0131 zamanda uluslar aras\u0131 d\u00fczeyde etkinlik ve g\u00fcvenirliklerini kaybettiklerini kaydetti. <\/p>\n\n\n\n<p>Bat\u0131l\u0131 devletlerin son geli\u015fmeler \u0131\u015f\u0131\u011f\u0131nda Suriye konusundaki tutumlar\u0131n\u0131 yeniden g\u00f6zden ge\u00e7irmeleri gere\u011fine vurgu yapan Mariani; Suriye ve halk\u0131na uygulanan yapt\u0131r\u0131mlar\u0131n derhal kald\u0131r\u0131lmas\u0131 \u00f6nemini belirtti.<\/p>\n","protected":false},"excerpt":{"rendered":"<p>\u015eAM \u2013 D\u0131\u015fi\u015fleri ve Gurbet\u00e7iler Bakan Yard\u0131mc\u0131s\u0131 Eyman Sosan bug\u00fcn \u00f6\u011fleden \u00f6nce Frans\u0131z eski bakan ve milletvekili Thierry Mariani ve Suriye ziyaretinde ona e\u015flik eden heyeti kabul etti. Suriye ve b\u00f6lgedeki son durum ve geli\u015fmelerin ele al\u0131nd\u0131\u011f\u0131 g\u00f6r\u00fc\u015fmede Sosan; bir k\u0131s\u0131m devletlerin Suriye&#8217;ye bulunduklar\u0131 m\u00fcdahalelerin her daim Suriye&#8217;de \u00e7\u00f6z\u00fcm\u00fc engelleme, sava\u015f s\u00fcresini uzatma ve ter\u00f6ristlere &hellip;<\/p>\n","protected":false},"author":1,"featured_media":168493,"comment_status":"closed","ping_status":"closed","sticky":false,"template":"","format":"standard","meta":{"footnotes":""},"categories":[479,17988,478],"tags":[],"class_list":["post-168492","post","type-post","status-publish","format-standard","has-post-thumbnail","","category-haberler-yerel","category-son-haberler","category-yerel"],"_links":{"self":[{"href":"https:\/\/archive.sana.sy\/tr\/index.php?rest_route=\/wp\/v2\/posts\/168492","targetHints":{"allow":["GET"]}}],"collection":[{"href":"https:\/\/archive.sana.sy\/tr\/index.php?rest_route=\/wp\/v2\/posts"}],"about":[{"href":"https:\/\/archive.sana.sy\/tr\/index.php?rest_route=\/wp\/v2\/types\/post"}],"author":[{"embeddable":true,"href":"https:\/\/archive.sana.sy\/tr\/index.php?rest_route=\/wp\/v2\/users\/1"}],"replies":[{"embeddable":true,"href":"https:\/\/archive.sana.sy\/tr\/index.php?rest_route=%2Fwp%2Fv2%2Fcomments&post=168492"}],"version-history":[{"count":0,"href":"https:\/\/archive.sana.sy\/tr\/index.php?rest_route=\/wp\/v2\/posts\/168492\/revisions"}],"wp:featuredmedia":[{"embeddable":true,"href":"https:\/\/archive.sana.sy\/tr\/index.php?rest_route=\/wp\/v2\/media\/168493"}],"wp:attachment":[{"href":"https:\/\/archive.sana.sy\/tr\/index.php?rest_route=%2Fwp%2Fv2%2Fmedia&parent=168492"}],"wp:term":[{"taxonomy":"category","embeddable":true,"href":"https:\/\/archive.sana.sy\/tr\/index.php?rest_route=%2Fwp%2Fv2%2Fcategories&post=168492"},{"taxonomy":"post_tag","embeddable":true,"href":"https:\/\/archive.sana.sy\/tr\/index.php?rest_route=%2Fwp%2Fv2%2Ftags&post=168492"}],"curies":[{"name":"wp","href":"https:\/\/api.w.org\/{rel}","templated":true}]}}