{"id":168526,"date":"2018-12-19T04:00:44","date_gmt":"2018-12-19T02:00:44","guid":{"rendered":"https:\/\/www.sana.sy\/tr\/?p=168526"},"modified":"2018-12-18T15:57:41","modified_gmt":"2018-12-18T13:57:41","slug":"farah-korosu-noel-konserlerinde-terore-karsi-zaferlerin-sevincini-harmanliyor","status":"publish","type":"post","link":"https:\/\/archive.sana.sy\/tr\/?p=168526","title":{"rendered":"Deyrezzor k\u0131rsal\u0131nda I\u015e\u0130D \u00f6rg\u00fct\u00fcnden kalma radyo yay\u0131n istasyonuna ilaveten silah ve m\u00fchimmat ele ge\u00e7irildi"},"content":{"rendered":"\n<p>Deyrezzor k\u0131rsal\u0131nda I\u015e\u0130D \u00f6rg\u00fct\u00fcnden kalma radyo yay\u0131n istasyonuna ilaveten silah ve m\u00fchimmat ele ge\u00e7irildi<\/p>\n\n\n\n<p><iframe loading=\"lazy\" title=\"\u0623\u0633\u0644\u062d\u0629 \u0648\u0630\u062e\u064a\u0631\u0629 \u0648\u0645\u062d\u0637\u0629 \u0628\u062b \u0625\u0630\u0627\u0639\u064a \u0645\u0646 \u0645\u062e\u0644\u0641\u0627\u062a \u062a\u0646\u0638\u064a\u0645 \u062f\u0627\u0639\u0634 \u0627\u0644\u0625\u0631\u0647\u0627\u0628\u064a \u0628\u0631\u064a\u0641 \u062f\u064a\u0631 \u0627\u0644\u0632\u0648\u0631\" width=\"618\" height=\"348\" src=\"https:\/\/www.youtube.com\/embed\/6hRxcH2JiCk?feature=oembed\" frameborder=\"0\" allow=\"accelerometer; autoplay; clipboard-write; encrypted-media; gyroscope; picture-in-picture; web-share\" referrerpolicy=\"strict-origin-when-cross-origin\" allowfullscreen><\/iframe> <\/p>\n","protected":false},"excerpt":{"rendered":"<p>Deyrezzor k\u0131rsal\u0131nda I\u015e\u0130D \u00f6rg\u00fct\u00fcnden kalma radyo yay\u0131n istasyonuna ilaveten silah ve m\u00fchimmat ele ge\u00e7irildi<\/p>\n","protected":false},"author":1,"featured_media":168531,"comment_status":"closed","ping_status":"closed","sticky":false,"template":"","format":"standard","meta":{"footnotes":""},"categories":[18295],"tags":[],"class_list":["post-168526","post","type-post","status-publish","format-standard","has-post-thumbnail","","category-sana-video"],"_links":{"self":[{"href":"https:\/\/archive.sana.sy\/tr\/index.php?rest_route=\/wp\/v2\/posts\/168526","targetHints":{"allow":["GET"]}}],"collection":[{"href":"https:\/\/archive.sana.sy\/tr\/index.php?rest_route=\/wp\/v2\/posts"}],"about":[{"href":"https:\/\/archive.sana.sy\/tr\/index.php?rest_route=\/wp\/v2\/types\/post"}],"author":[{"embeddable":true,"href":"https:\/\/archive.sana.sy\/tr\/index.php?rest_route=\/wp\/v2\/users\/1"}],"replies":[{"embeddable":true,"href":"https:\/\/archive.sana.sy\/tr\/index.php?rest_route=%2Fwp%2Fv2%2Fcomments&post=168526"}],"version-history":[{"count":0,"href":"https:\/\/archive.sana.sy\/tr\/index.php?rest_route=\/wp\/v2\/posts\/168526\/revisions"}],"wp:featuredmedia":[{"embeddable":true,"href":"https:\/\/archive.sana.sy\/tr\/index.php?rest_route=\/wp\/v2\/media\/168531"}],"wp:attachment":[{"href":"https:\/\/archive.sana.sy\/tr\/index.php?rest_route=%2Fwp%2Fv2%2Fmedia&parent=168526"}],"wp:term":[{"taxonomy":"category","embeddable":true,"href":"https:\/\/archive.sana.sy\/tr\/index.php?rest_route=%2Fwp%2Fv2%2Fcategories&post=168526"},{"taxonomy":"post_tag","embeddable":true,"href":"https:\/\/archive.sana.sy\/tr\/index.php?rest_route=%2Fwp%2Fv2%2Ftags&post=168526"}],"curies":[{"name":"wp","href":"https:\/\/api.w.org\/{rel}","templated":true}]}}