{"id":168529,"date":"2018-12-18T13:00:13","date_gmt":"2018-12-18T11:00:13","guid":{"rendered":"https:\/\/www.sana.sy\/tr\/?p=168529"},"modified":"2018-12-19T13:16:49","modified_gmt":"2018-12-19T11:16:49","slug":"suriyenin-bm-daimi-temsilcisi-caferi-bm-genel-kurulunun-3-komitesinin-55-donem-toplantisinda-suriye-adina-konusuyor","status":"publish","type":"post","link":"https:\/\/archive.sana.sy\/tr\/?p=168529","title":{"rendered":"Foto\u011fraf Konu\u015fur Slogan\u0131 Alt\u0131nda Sergi D\u00fczenlendi"},"content":{"rendered":"\n<p>HOMS \u2013 Homs\u2019ta Zanaatkarlar Birli\u011fi ve \u0130l K\u00fclt\u00fcr M\u00fcd\u00fcrl\u00fc\u011f\u00fcn\u00fcn i\u015fbirli\u011fi ile \u201cFoto\u011fraf Konu\u015fur\u201d slogan\u0131 alt\u0131nda d\u00fcn ak\u015fam bir sergi a\u00e7\u0131ld\u0131.<\/p>\n\n\n\n<p>29 foto\u011fraf\u00e7\u0131n\u0131n kat\u0131l\u0131m\u0131yla 4 g\u00fcn s\u00fcreli\u011fine a\u00e7\u0131lan sergide Suriye ordusunun ter\u00f6re kar\u015f\u0131 zaferlerinin yan\u0131 s\u0131ra Suriye kad\u0131n\u0131n\u0131n zaferlerine \u0131\u015f\u0131k tutan 150 foto\u011fraf sergileniyor. <\/p>\n\n\n\n<p>Foto\u011fraflarda ayn\u0131 zamanda Homs \u0130linin tan\u0131k oldu\u011fu yeniden yap\u0131lanma faaliyetlerinin yan\u0131 s\u0131ra k\u00fclt\u00fcrel, ekonomik, sosyal ve spor faaliyetlerine de \u0131\u015f\u0131k tutuluyor. Profesyonellikle \u00e7ekilmi\u015f fotolarda ayr\u0131ca Homs \u0130linin tarihi ve do\u011fa g\u00fczelli\u011fi de yans\u0131t\u0131l\u0131yor.<\/p>\n\n\n\n<p> <\/p>\n\n\n\n<ul class=\"wp-block-gallery columns-2 is-cropped wp-block-gallery-1 is-layout-flex wp-block-gallery-is-layout-flex\"><li class=\"blocks-gallery-item\"><figure><a href=\"https:\/\/www.sana.sy\/tr\/wp-content\/uploads\/2018\/12\/DSC_8783-1024x683.jpg\"><img loading=\"lazy\" decoding=\"async\" width=\"1024\" height=\"683\" src=\"https:\/\/www.sana.sy\/tr\/wp-content\/uploads\/2018\/12\/DSC_8783-1024x683.jpg\" alt=\"\" data-id=\"168538\" data-link=\"https:\/\/www.sana.sy\/tr\/?attachment_id=168538\" class=\"wp-image-168538\" srcset=\"https:\/\/archive.sana.sy\/tr\/wp-content\/uploads\/2018\/12\/DSC_8783-1024x683.jpg 1024w, https:\/\/archive.sana.sy\/tr\/wp-content\/uploads\/2018\/12\/DSC_8783-150x100.jpg 150w, https:\/\/archive.sana.sy\/tr\/wp-content\/uploads\/2018\/12\/DSC_8783-300x200.jpg 300w, https:\/\/archive.sana.sy\/tr\/wp-content\/uploads\/2018\/12\/DSC_8783-768x512.jpg 768w, https:\/\/archive.sana.sy\/tr\/wp-content\/uploads\/2018\/12\/DSC_8783.jpg 1200w\" sizes=\"auto, (max-width: 1024px) 100vw, 1024px\" \/><\/a><\/figure><\/li><li class=\"blocks-gallery-item\"><figure><a href=\"https:\/\/www.sana.sy\/tr\/wp-content\/uploads\/2018\/12\/DSC_8859-1024x700.jpg\"><img loading=\"lazy\" decoding=\"async\" width=\"1024\" height=\"700\" src=\"https:\/\/www.sana.sy\/tr\/wp-content\/uploads\/2018\/12\/DSC_8859-1024x700.jpg\" alt=\"\" data-id=\"168539\" data-link=\"https:\/\/www.sana.sy\/tr\/?attachment_id=168539\" class=\"wp-image-168539\" srcset=\"https:\/\/archive.sana.sy\/tr\/wp-content\/uploads\/2018\/12\/DSC_8859-1024x700.jpg 1024w, https:\/\/archive.sana.sy\/tr\/wp-content\/uploads\/2018\/12\/DSC_8859-150x103.jpg 150w, https:\/\/archive.sana.sy\/tr\/wp-content\/uploads\/2018\/12\/DSC_8859-300x205.jpg 300w, https:\/\/archive.sana.sy\/tr\/wp-content\/uploads\/2018\/12\/DSC_8859-768x525.jpg 768w, https:\/\/archive.sana.sy\/tr\/wp-content\/uploads\/2018\/12\/DSC_8859-110x75.jpg 110w, https:\/\/archive.sana.sy\/tr\/wp-content\/uploads\/2018\/12\/DSC_8859.jpg 1200w\" sizes=\"auto, (max-width: 1024px) 100vw, 1024px\" \/><\/a><\/figure><\/li><li class=\"blocks-gallery-item\"><figure><a href=\"https:\/\/www.sana.sy\/tr\/wp-content\/uploads\/2018\/12\/DSC_8864-1024x683.jpg\"><img loading=\"lazy\" decoding=\"async\" width=\"1024\" height=\"683\" src=\"https:\/\/www.sana.sy\/tr\/wp-content\/uploads\/2018\/12\/DSC_8864-1024x683.jpg\" alt=\"\" data-id=\"168540\" data-link=\"https:\/\/www.sana.sy\/tr\/?attachment_id=168540\" class=\"wp-image-168540\" srcset=\"https:\/\/archive.sana.sy\/tr\/wp-content\/uploads\/2018\/12\/DSC_8864-1024x683.jpg 1024w, https:\/\/archive.sana.sy\/tr\/wp-content\/uploads\/2018\/12\/DSC_8864-150x100.jpg 150w, https:\/\/archive.sana.sy\/tr\/wp-content\/uploads\/2018\/12\/DSC_8864-300x200.jpg 300w, https:\/\/archive.sana.sy\/tr\/wp-content\/uploads\/2018\/12\/DSC_8864-768x512.jpg 768w, https:\/\/archive.sana.sy\/tr\/wp-content\/uploads\/2018\/12\/DSC_8864.jpg 1200w\" sizes=\"auto, (max-width: 1024px) 100vw, 1024px\" \/><\/a><\/figure><\/li><li class=\"blocks-gallery-item\"><figure><a href=\"https:\/\/www.sana.sy\/tr\/wp-content\/uploads\/2018\/12\/DSC_8876-1024x683.jpg\"><img loading=\"lazy\" decoding=\"async\" width=\"1024\" height=\"683\" src=\"https:\/\/www.sana.sy\/tr\/wp-content\/uploads\/2018\/12\/DSC_8876-1024x683.jpg\" alt=\"\" data-id=\"168541\" data-link=\"https:\/\/www.sana.sy\/tr\/?attachment_id=168541\" class=\"wp-image-168541\" srcset=\"https:\/\/archive.sana.sy\/tr\/wp-content\/uploads\/2018\/12\/DSC_8876-1024x683.jpg 1024w, https:\/\/archive.sana.sy\/tr\/wp-content\/uploads\/2018\/12\/DSC_8876-150x100.jpg 150w, https:\/\/archive.sana.sy\/tr\/wp-content\/uploads\/2018\/12\/DSC_8876-300x200.jpg 300w, https:\/\/archive.sana.sy\/tr\/wp-content\/uploads\/2018\/12\/DSC_8876-768x512.jpg 768w, https:\/\/archive.sana.sy\/tr\/wp-content\/uploads\/2018\/12\/DSC_8876.jpg 1200w\" sizes=\"auto, (max-width: 1024px) 100vw, 1024px\" \/><\/a><\/figure><\/li><\/ul>\n","protected":false},"excerpt":{"rendered":"<p>HOMS \u2013 Homs\u2019ta Zanaatkarlar Birli\u011fi ve \u0130l K\u00fclt\u00fcr M\u00fcd\u00fcrl\u00fc\u011f\u00fcn\u00fcn i\u015fbirli\u011fi ile \u201cFoto\u011fraf Konu\u015fur\u201d slogan\u0131 alt\u0131nda d\u00fcn ak\u015fam bir sergi a\u00e7\u0131ld\u0131. 29 foto\u011fraf\u00e7\u0131n\u0131n kat\u0131l\u0131m\u0131yla 4 g\u00fcn s\u00fcreli\u011fine a\u00e7\u0131lan sergide Suriye ordusunun ter\u00f6re kar\u015f\u0131 zaferlerinin yan\u0131 s\u0131ra Suriye kad\u0131n\u0131n\u0131n zaferlerine \u0131\u015f\u0131k tutan 150 foto\u011fraf sergileniyor. Foto\u011fraflarda ayn\u0131 zamanda Homs \u0130linin tan\u0131k oldu\u011fu yeniden yap\u0131lanma faaliyetlerinin yan\u0131 s\u0131ra &hellip;<\/p>\n","protected":false},"author":1,"featured_media":168536,"comment_status":"closed","ping_status":"closed","sticky":false,"template":"","format":"standard","meta":{"footnotes":""},"categories":[479,516,511,17988,478],"tags":[],"class_list":["post-168529","post","type-post","status-publish","format-standard","has-post-thumbnail","","category-haberler-yerel","category-haberler-kultur-ve-sanat","category-kultur-ve-sanat","category-son-haberler","category-yerel"],"_links":{"self":[{"href":"https:\/\/archive.sana.sy\/tr\/index.php?rest_route=\/wp\/v2\/posts\/168529","targetHints":{"allow":["GET"]}}],"collection":[{"href":"https:\/\/archive.sana.sy\/tr\/index.php?rest_route=\/wp\/v2\/posts"}],"about":[{"href":"https:\/\/archive.sana.sy\/tr\/index.php?rest_route=\/wp\/v2\/types\/post"}],"author":[{"embeddable":true,"href":"https:\/\/archive.sana.sy\/tr\/index.php?rest_route=\/wp\/v2\/users\/1"}],"replies":[{"embeddable":true,"href":"https:\/\/archive.sana.sy\/tr\/index.php?rest_route=%2Fwp%2Fv2%2Fcomments&post=168529"}],"version-history":[{"count":0,"href":"https:\/\/archive.sana.sy\/tr\/index.php?rest_route=\/wp\/v2\/posts\/168529\/revisions"}],"wp:featuredmedia":[{"embeddable":true,"href":"https:\/\/archive.sana.sy\/tr\/index.php?rest_route=\/wp\/v2\/media\/168536"}],"wp:attachment":[{"href":"https:\/\/archive.sana.sy\/tr\/index.php?rest_route=%2Fwp%2Fv2%2Fmedia&parent=168529"}],"wp:term":[{"taxonomy":"category","embeddable":true,"href":"https:\/\/archive.sana.sy\/tr\/index.php?rest_route=%2Fwp%2Fv2%2Fcategories&post=168529"},{"taxonomy":"post_tag","embeddable":true,"href":"https:\/\/archive.sana.sy\/tr\/index.php?rest_route=%2Fwp%2Fv2%2Ftags&post=168529"}],"curies":[{"name":"wp","href":"https:\/\/api.w.org\/{rel}","templated":true}]}}