{"id":168537,"date":"2018-12-18T16:03:12","date_gmt":"2018-12-18T14:03:12","guid":{"rendered":"https:\/\/www.sana.sy\/tr\/?p=168537"},"modified":"2018-12-22T13:16:58","modified_gmt":"2018-12-22T11:16:58","slug":"yarali-gazi-askerler-vergisiz-ve-harcsiz-arac-sahibi-olacak","status":"publish","type":"post","link":"https:\/\/archive.sana.sy\/tr\/?p=168537","title":{"rendered":"Yaral\u0131 Gazi Askerler Vergisiz ve Har\u00e7s\u0131z Ara\u00e7 Sahibi Olacak"},"content":{"rendered":"\n<p>\u015eAM \u2013 Cumhurba\u015fkan\u0131 Be\u015f\u015far el Esad bug\u00fcn; yaral\u0131 gazi askerlerin herhangi bir vergi ya da har\u00e7 \u00f6demeksizin yerel \u00fcretim bir seyahat arac\u0131na sahip olma hakk\u0131 tan\u0131yan 2018\/45 say\u0131l\u0131 kanunnameyi onaylad\u0131.<\/p>\n\n\n\n<p>Halk Meclisinin 17-12-2018 tarihli oturumunda tart\u0131\u015f\u0131p onaylamas\u0131 ard\u0131ndan anayasa gere\u011fince cumhurba\u015fkanl\u0131\u011f\u0131na sevk etti\u011fi kanunname de sava\u015f ya da benzer herhangi bir durumun yan\u0131 s\u0131ra ter\u00f6ristler veya d\u00fc\u015fman g\u00fc\u00e7ler taraf\u0131ndan yaralanan gazi askerlerin yerel \u00fcretim bir araca vergisiz ve har\u00e7s\u0131z sahip olmalar\u0131n\u0131 \u00f6ng\u00f6r\u00fcyor. <\/p>\n","protected":false},"excerpt":{"rendered":"<p>\u015eAM \u2013 Cumhurba\u015fkan\u0131 Be\u015f\u015far el Esad bug\u00fcn; yaral\u0131 gazi askerlerin herhangi bir vergi ya da har\u00e7 \u00f6demeksizin yerel \u00fcretim bir seyahat arac\u0131na sahip olma hakk\u0131 tan\u0131yan 2018\/45 say\u0131l\u0131 kanunnameyi onaylad\u0131. Halk Meclisinin 17-12-2018 tarihli oturumunda tart\u0131\u015f\u0131p onaylamas\u0131 ard\u0131ndan anayasa gere\u011fince cumhurba\u015fkanl\u0131\u011f\u0131na sevk etti\u011fi kanunname de sava\u015f ya da benzer herhangi bir durumun yan\u0131 s\u0131ra ter\u00f6ristler &hellip;<\/p>\n","protected":false},"author":1,"featured_media":148639,"comment_status":"closed","ping_status":"closed","sticky":false,"template":"","format":"standard","meta":{"footnotes":""},"categories":[605,17988,612,599],"tags":[],"class_list":["post-168537","post","type-post","status-publish","format-standard","has-post-thumbnail","","category-sayin-cumhurbaskani","category-son-haberler","category-yasama-kararnameler","category-yasama-ve-kanunlar"],"_links":{"self":[{"href":"https:\/\/archive.sana.sy\/tr\/index.php?rest_route=\/wp\/v2\/posts\/168537","targetHints":{"allow":["GET"]}}],"collection":[{"href":"https:\/\/archive.sana.sy\/tr\/index.php?rest_route=\/wp\/v2\/posts"}],"about":[{"href":"https:\/\/archive.sana.sy\/tr\/index.php?rest_route=\/wp\/v2\/types\/post"}],"author":[{"embeddable":true,"href":"https:\/\/archive.sana.sy\/tr\/index.php?rest_route=\/wp\/v2\/users\/1"}],"replies":[{"embeddable":true,"href":"https:\/\/archive.sana.sy\/tr\/index.php?rest_route=%2Fwp%2Fv2%2Fcomments&post=168537"}],"version-history":[{"count":0,"href":"https:\/\/archive.sana.sy\/tr\/index.php?rest_route=\/wp\/v2\/posts\/168537\/revisions"}],"wp:featuredmedia":[{"embeddable":true,"href":"https:\/\/archive.sana.sy\/tr\/index.php?rest_route=\/wp\/v2\/media\/148639"}],"wp:attachment":[{"href":"https:\/\/archive.sana.sy\/tr\/index.php?rest_route=%2Fwp%2Fv2%2Fmedia&parent=168537"}],"wp:term":[{"taxonomy":"category","embeddable":true,"href":"https:\/\/archive.sana.sy\/tr\/index.php?rest_route=%2Fwp%2Fv2%2Fcategories&post=168537"},{"taxonomy":"post_tag","embeddable":true,"href":"https:\/\/archive.sana.sy\/tr\/index.php?rest_route=%2Fwp%2Fv2%2Ftags&post=168537"}],"curies":[{"name":"wp","href":"https:\/\/api.w.org\/{rel}","templated":true}]}}