{"id":168548,"date":"2018-12-18T12:30:57","date_gmt":"2018-12-18T10:30:57","guid":{"rendered":"https:\/\/www.sana.sy\/tr\/?p=168548"},"modified":"2018-12-19T13:16:59","modified_gmt":"2018-12-19T11:16:59","slug":"yeniden-yapilanma-sureci-icin-63-proje-sunuldu","status":"publish","type":"post","link":"https:\/\/archive.sana.sy\/tr\/?p=168548","title":{"rendered":"Yeniden Yap\u0131lanma S\u00fcreci \u0130\u00e7in 63 Proje Sunuldu"},"content":{"rendered":"\n<p>\u015eAM \u2013 \u015eam \u00dcniversitesi \u0130ktisat Fak\u00fcltesi \u201cSuriye&#8217;nin Yeniden Yap\u0131land\u0131r\u0131lmas\u0131nda Ekonomik Katk\u0131lar\u201d slogan\u0131 alt\u0131nda bug\u00fcn Suriye Kalk\u0131nma Sekretaryas\u0131 ile i\u015fbirli\u011fi i\u00e7inde y\u0131ll\u0131k konferans\u0131n\u0131 d\u00fczenledi.<\/p>\n\n\n\n<ul class=\"wp-block-gallery alignright columns-1 is-cropped wp-block-gallery-1 is-layout-flex wp-block-gallery-is-layout-flex\"><li class=\"blocks-gallery-item\"><figure><a href=\"https:\/\/www.sana.sy\/tr\/wp-content\/uploads\/2018\/12\/ekonomi-1.jpg\"><img loading=\"lazy\" decoding=\"async\" width=\"660\" height=\"402\" src=\"https:\/\/www.sana.sy\/tr\/wp-content\/uploads\/2018\/12\/ekonomi-1.jpg\" alt=\"\" data-id=\"168550\" data-link=\"https:\/\/www.sana.sy\/tr\/?attachment_id=168550\" class=\"wp-image-168550\" srcset=\"https:\/\/archive.sana.sy\/tr\/wp-content\/uploads\/2018\/12\/ekonomi-1.jpg 660w, https:\/\/archive.sana.sy\/tr\/wp-content\/uploads\/2018\/12\/ekonomi-1-150x91.jpg 150w, https:\/\/archive.sana.sy\/tr\/wp-content\/uploads\/2018\/12\/ekonomi-1-300x183.jpg 300w\" sizes=\"auto, (max-width: 660px) 100vw, 660px\" \/><\/a><\/figure><\/li><\/ul>\n\n\n\n<p>Fak\u00fcltede mast\u0131r ve doktora yapan \u00f6\u011frencilerin kat\u0131ld\u0131klar\u0131 konferansta tar\u0131m, sanayi, bankac\u0131l\u0131k, sigorta, sa\u011fl\u0131k hizmetleri, sosyal hizmetler ve daha ba\u015fka alanlara odaklanan bilimsel 63 proje yer ald\u0131. Projelerin pratikte hayata ge\u00e7irilmesi i\u00e7in \u00f6nerilerin tart\u0131\u015f\u0131ld\u0131\u011f\u0131 konferansta; t\u00fcm bu projelerin Bakanlar Kurulu ve ilgili di\u011fer resmi kurumlara aktar\u0131laca\u011f\u0131 kaydedildi. <\/p>\n\n\n\n<p>Konferansta Suriye&#8217;nin yeniden yap\u0131land\u0131r\u0131lmas\u0131nda bir dizi tez ve bilimsel ara\u015ft\u0131rmalar tart\u0131\u015f\u0131l\u0131rken; yeniden yap\u0131land\u0131rmada bilimsel ve akademik \u00e7al\u0131\u015fmalar\u0131n \u00f6nemi ifade edildi. <\/p>\n","protected":false},"excerpt":{"rendered":"<p>\u015eAM \u2013 \u015eam \u00dcniversitesi \u0130ktisat Fak\u00fcltesi \u201cSuriye&#8217;nin Yeniden Yap\u0131land\u0131r\u0131lmas\u0131nda Ekonomik Katk\u0131lar\u201d slogan\u0131 alt\u0131nda bug\u00fcn Suriye Kalk\u0131nma Sekretaryas\u0131 ile i\u015fbirli\u011fi i\u00e7inde y\u0131ll\u0131k konferans\u0131n\u0131 d\u00fczenledi. Fak\u00fcltede mast\u0131r ve doktora yapan \u00f6\u011frencilerin kat\u0131ld\u0131klar\u0131 konferansta tar\u0131m, sanayi, bankac\u0131l\u0131k, sigorta, sa\u011fl\u0131k hizmetleri, sosyal hizmetler ve daha ba\u015fka alanlara odaklanan bilimsel 63 proje yer ald\u0131. Projelerin pratikte hayata ge\u00e7irilmesi i\u00e7in \u00f6nerilerin &hellip;<\/p>\n","protected":false},"author":1,"featured_media":168549,"comment_status":"closed","ping_status":"closed","sticky":false,"template":"","format":"standard","meta":{"footnotes":""},"categories":[485,486,17988],"tags":[],"class_list":["post-168548","post","type-post","status-publish","format-standard","has-post-thumbnail","","category-is-ve-sermaye","category-haberler-is-ve-sermaye","category-son-haberler"],"_links":{"self":[{"href":"https:\/\/archive.sana.sy\/tr\/index.php?rest_route=\/wp\/v2\/posts\/168548","targetHints":{"allow":["GET"]}}],"collection":[{"href":"https:\/\/archive.sana.sy\/tr\/index.php?rest_route=\/wp\/v2\/posts"}],"about":[{"href":"https:\/\/archive.sana.sy\/tr\/index.php?rest_route=\/wp\/v2\/types\/post"}],"author":[{"embeddable":true,"href":"https:\/\/archive.sana.sy\/tr\/index.php?rest_route=\/wp\/v2\/users\/1"}],"replies":[{"embeddable":true,"href":"https:\/\/archive.sana.sy\/tr\/index.php?rest_route=%2Fwp%2Fv2%2Fcomments&post=168548"}],"version-history":[{"count":0,"href":"https:\/\/archive.sana.sy\/tr\/index.php?rest_route=\/wp\/v2\/posts\/168548\/revisions"}],"wp:featuredmedia":[{"embeddable":true,"href":"https:\/\/archive.sana.sy\/tr\/index.php?rest_route=\/wp\/v2\/media\/168549"}],"wp:attachment":[{"href":"https:\/\/archive.sana.sy\/tr\/index.php?rest_route=%2Fwp%2Fv2%2Fmedia&parent=168548"}],"wp:term":[{"taxonomy":"category","embeddable":true,"href":"https:\/\/archive.sana.sy\/tr\/index.php?rest_route=%2Fwp%2Fv2%2Fcategories&post=168548"},{"taxonomy":"post_tag","embeddable":true,"href":"https:\/\/archive.sana.sy\/tr\/index.php?rest_route=%2Fwp%2Fv2%2Ftags&post=168548"}],"curies":[{"name":"wp","href":"https:\/\/api.w.org\/{rel}","templated":true}]}}