{"id":168561,"date":"2018-12-18T16:53:32","date_gmt":"2018-12-18T14:53:32","guid":{"rendered":"https:\/\/www.sana.sy\/tr\/?p=168561"},"modified":"2018-12-19T13:16:43","modified_gmt":"2018-12-19T11:16:43","slug":"ticari-alisveris-tasimacilik-ve-yargi-alanlarinda-isbirligi-gorusuldu","status":"publish","type":"post","link":"https:\/\/archive.sana.sy\/tr\/?p=168561","title":{"rendered":"Ticari Al\u0131\u015fveri\u015f, Ta\u015f\u0131mac\u0131l\u0131k ve Yarg\u0131 Alanlar\u0131nda \u0130\u015fbirli\u011fi G\u00f6r\u00fc\u015f\u00fcld\u00fc"},"content":{"rendered":"\n<p>BA\u011eDAT \u2013 Irak Ula\u015ft\u0131rma Bakan\u0131 Abdullah Lueybi bug\u00fcn Suriye&#8217;nin Ba\u011fdat B\u00fcy\u00fckel\u00e7isi Sattam Cedan el Dendah ile iki karde\u015f \u00fclke aras\u0131nda ticari al\u0131\u015fveri\u015fi geli\u015ftirmenin yan\u0131 s\u0131ra kara ve hava ta\u015f\u0131mac\u0131l\u0131\u011f\u0131nda ortak \u00e7al\u0131\u015fmalar\u0131 peki\u015ftirme olanaklar\u0131n\u0131 masaya yat\u0131rd\u0131.<\/p>\n\n\n\n<p>Suriye&#8217;nin Deyrezzor \u0130line tabi Albukemal B\u00f6lgesi ile Irak\u2019\u0131n Kaim B\u00f6lgesi aras\u0131ndaki s\u0131n\u0131r kap\u0131lar\u0131n\u0131 hizmete a\u00e7ma \u00f6neminin ifade edildi\u011fi toplant\u0131da; bunun iki \u00fclke ve halklar\u0131 aras\u0131ndaki ekonomik ve ticari ili\u015fkileri geli\u015ftirece\u011fi kaydedildi.<\/p>\n\n\n\n<ul class=\"wp-block-gallery alignright columns-1 is-cropped wp-block-gallery-1 is-layout-flex wp-block-gallery-is-layout-flex\"><li class=\"blocks-gallery-item\"><figure><a href=\"https:\/\/www.sana.sy\/tr\/wp-content\/uploads\/2018\/12\/22-3.jpg\"><img loading=\"lazy\" decoding=\"async\" width=\"660\" height=\"413\" src=\"https:\/\/www.sana.sy\/tr\/wp-content\/uploads\/2018\/12\/22-3.jpg\" alt=\"\" data-id=\"168563\" data-link=\"https:\/\/www.sana.sy\/tr\/?attachment_id=168563\" class=\"wp-image-168563\" srcset=\"https:\/\/archive.sana.sy\/tr\/wp-content\/uploads\/2018\/12\/22-3.jpg 660w, https:\/\/archive.sana.sy\/tr\/wp-content\/uploads\/2018\/12\/22-3-150x94.jpg 150w, https:\/\/archive.sana.sy\/tr\/wp-content\/uploads\/2018\/12\/22-3-300x188.jpg 300w\" sizes=\"auto, (max-width: 660px) 100vw, 660px\" \/><\/a><\/figure><\/li><\/ul>\n\n\n\n<p>Irakl\u0131 Bakan Lueybi B\u00fcy\u00fckel\u00e7i Dendah ile Irak havayollar\u0131 arac\u0131l\u0131\u011f\u0131 ile iki \u00fclke aras\u0131nda hava ta\u015f\u0131mac\u0131l\u0131\u011f\u0131n\u0131 geli\u015ftirme ve iki \u00fclke aras\u0131ndaki ili\u015fkileri geli\u015ftirme olanaklar\u0131n\u0131 ele ald\u0131klar\u0131n\u0131 belirtti.&nbsp;<\/p>\n\n\n\n<p>\u00d6te yandan Irak Y\u00fcksek Yarg\u0131 Konseyi Ba\u015fkan\u0131 Faik Zidan da Suriye&#8217;nin Ba\u011fdat B\u00fcy\u00fckel\u00e7isi Dendah ile bir araya gelerek Suriye ve Irak aras\u0131nda yarg\u0131 alan\u0131nda i\u015fbirli\u011fini masaya yat\u0131rd\u0131. <\/p>\n\n\n\n<ul class=\"wp-block-gallery alignright columns-1 is-cropped wp-block-gallery-2 is-layout-flex wp-block-gallery-is-layout-flex\"><li class=\"blocks-gallery-item\"><figure><a href=\"https:\/\/www.sana.sy\/tr\/wp-content\/uploads\/2018\/12\/11-6.jpg\"><img loading=\"lazy\" decoding=\"async\" width=\"660\" height=\"330\" src=\"https:\/\/www.sana.sy\/tr\/wp-content\/uploads\/2018\/12\/11-6.jpg\" alt=\"\" data-id=\"168565\" data-link=\"https:\/\/www.sana.sy\/tr\/?attachment_id=168565\" class=\"wp-image-168565\" srcset=\"https:\/\/archive.sana.sy\/tr\/wp-content\/uploads\/2018\/12\/11-6.jpg 660w, https:\/\/archive.sana.sy\/tr\/wp-content\/uploads\/2018\/12\/11-6-150x75.jpg 150w, https:\/\/archive.sana.sy\/tr\/wp-content\/uploads\/2018\/12\/11-6-300x150.jpg 300w\" sizes=\"auto, (max-width: 660px) 100vw, 660px\" \/><\/a><\/figure><\/li><\/ul>\n\n\n\n<p>Irak Y\u00fcksek Yarg\u0131 Konseyi yay\u0131nlad\u0131\u011f\u0131 beyanda iki taraf\u0131n ter\u00f6rle m\u00fccadele konusunda iki karde\u015f \u00fclke aras\u0131nda yarg\u0131 ve kanun alan\u0131nda i\u015fbirli\u011finin peki\u015ftirilmesinin \u00f6nemini kaydettiklerini ifade etti. <\/p>\n","protected":false},"excerpt":{"rendered":"<p>BA\u011eDAT \u2013 Irak Ula\u015ft\u0131rma Bakan\u0131 Abdullah Lueybi bug\u00fcn Suriye&#8217;nin Ba\u011fdat B\u00fcy\u00fckel\u00e7isi Sattam Cedan el Dendah ile iki karde\u015f \u00fclke aras\u0131nda ticari al\u0131\u015fveri\u015fi geli\u015ftirmenin yan\u0131 s\u0131ra kara ve hava ta\u015f\u0131mac\u0131l\u0131\u011f\u0131nda ortak \u00e7al\u0131\u015fmalar\u0131 peki\u015ftirme olanaklar\u0131n\u0131 masaya yat\u0131rd\u0131. Suriye&#8217;nin Deyrezzor \u0130line tabi Albukemal B\u00f6lgesi ile Irak\u2019\u0131n Kaim B\u00f6lgesi aras\u0131ndaki s\u0131n\u0131r kap\u0131lar\u0131n\u0131 hizmete a\u00e7ma \u00f6neminin ifade edildi\u011fi toplant\u0131da; bunun &hellip;<\/p>\n","protected":false},"author":1,"featured_media":168562,"comment_status":"closed","ping_status":"closed","sticky":false,"template":"","format":"standard","meta":{"footnotes":""},"categories":[458,459,17988],"tags":[],"class_list":["post-168561","post","type-post","status-publish","format-standard","has-post-thumbnail","","category-dunya1","category-haberler-arap-uluslararasi-politika","category-son-haberler"],"_links":{"self":[{"href":"https:\/\/archive.sana.sy\/tr\/index.php?rest_route=\/wp\/v2\/posts\/168561","targetHints":{"allow":["GET"]}}],"collection":[{"href":"https:\/\/archive.sana.sy\/tr\/index.php?rest_route=\/wp\/v2\/posts"}],"about":[{"href":"https:\/\/archive.sana.sy\/tr\/index.php?rest_route=\/wp\/v2\/types\/post"}],"author":[{"embeddable":true,"href":"https:\/\/archive.sana.sy\/tr\/index.php?rest_route=\/wp\/v2\/users\/1"}],"replies":[{"embeddable":true,"href":"https:\/\/archive.sana.sy\/tr\/index.php?rest_route=%2Fwp%2Fv2%2Fcomments&post=168561"}],"version-history":[{"count":0,"href":"https:\/\/archive.sana.sy\/tr\/index.php?rest_route=\/wp\/v2\/posts\/168561\/revisions"}],"wp:featuredmedia":[{"embeddable":true,"href":"https:\/\/archive.sana.sy\/tr\/index.php?rest_route=\/wp\/v2\/media\/168562"}],"wp:attachment":[{"href":"https:\/\/archive.sana.sy\/tr\/index.php?rest_route=%2Fwp%2Fv2%2Fmedia&parent=168561"}],"wp:term":[{"taxonomy":"category","embeddable":true,"href":"https:\/\/archive.sana.sy\/tr\/index.php?rest_route=%2Fwp%2Fv2%2Fcategories&post=168561"},{"taxonomy":"post_tag","embeddable":true,"href":"https:\/\/archive.sana.sy\/tr\/index.php?rest_route=%2Fwp%2Fv2%2Ftags&post=168561"}],"curies":[{"name":"wp","href":"https:\/\/api.w.org\/{rel}","templated":true}]}}