{"id":168570,"date":"2018-12-18T23:00:11","date_gmt":"2018-12-18T21:00:11","guid":{"rendered":"https:\/\/www.sana.sy\/tr\/?p=168570"},"modified":"2018-12-19T13:54:53","modified_gmt":"2018-12-19T11:54:53","slug":"suriyenin-egemenlik-bagimsizlik-ve-toprak-butunlugune-saygi","status":"publish","type":"post","link":"https:\/\/archive.sana.sy\/tr\/?p=168570","title":{"rendered":"Suriye&#8217;nin Egemenlik, Ba\u011f\u0131ms\u0131zl\u0131k ve Toprak B\u00fct\u00fcnl\u00fc\u011f\u00fcne Sayg\u0131"},"content":{"rendered":"\n<p>CENEVRE \u2013 Astana S\u00fcreci Garant\u00f6r Devletlerinin D\u0131\u015fi\u015fleri Bakanlar\u0131n\u0131n ortak bildirisi,Suriye&#8217;nin egemenlik, ba\u011f\u0131ms\u0131zl\u0131k ve toprak b\u00fct\u00fcnl\u00fc\u011f\u00fcne sayg\u0131y\u0131 belirtti.<\/p>\n\n\n\n<p>Garant\u00f6r \u00fclkelerin&#8221;Rusya, \u0130ran, T\u00fcrkiye&#8221; Birle\u015fmi\u015f Milletler Suriye \u00f6zel temsilcisi Stafan De Mistura ile bug\u00fcn d\u00fczenledikleri toplant\u0131 ard\u0131ndan Rusya D\u0131\u015fi\u015fleri Bakan\u0131 Sergey Lavrov&#8217;un okudu\u011fu bildiri: Taraflar\u0131n gelecek y\u0131l\u0131n ba\u015f\u0131nda Cenevre&#8217;de Anayasay\u0131&nbsp; Tart\u0131\u015fma Komitesinin ilk oturumunu d\u00fczenlemeyi hedefleyen \u00e7abalar\u0131n harcanmas\u0131 \u00fczerine ittifaka vard\u0131klar\u0131n\u0131 s\u00f6yledi.<\/p>\n\n\n\n<p>Bildiri, bunun Birle\u015fmi\u015f Milletler&#8217;in g\u00f6zetimi alt\u0131nda siyasi s\u00fcrecin ba\u015flamas\u0131na yard\u0131mc\u0131 olaca\u011f\u0131na i\u015faret etti.<\/p>\n\n\n\n<p>\u00c7eviri; S. \u015eahhut<\/p>\n","protected":false},"excerpt":{"rendered":"<p>CENEVRE \u2013 Astana S\u00fcreci Garant\u00f6r Devletlerinin D\u0131\u015fi\u015fleri Bakanlar\u0131n\u0131n ortak bildirisi,Suriye&#8217;nin egemenlik, ba\u011f\u0131ms\u0131zl\u0131k ve toprak b\u00fct\u00fcnl\u00fc\u011f\u00fcne sayg\u0131y\u0131 belirtti. Garant\u00f6r \u00fclkelerin&#8221;Rusya, \u0130ran, T\u00fcrkiye&#8221; Birle\u015fmi\u015f Milletler Suriye \u00f6zel temsilcisi Stafan De Mistura ile bug\u00fcn d\u00fczenledikleri toplant\u0131 ard\u0131ndan Rusya D\u0131\u015fi\u015fleri Bakan\u0131 Sergey Lavrov&#8217;un okudu\u011fu bildiri: Taraflar\u0131n gelecek y\u0131l\u0131n ba\u015f\u0131nda Cenevre&#8217;de Anayasay\u0131&nbsp; Tart\u0131\u015fma Komitesinin ilk oturumunu d\u00fczenlemeyi hedefleyen \u00e7abalar\u0131n harcanmas\u0131 &hellip;<\/p>\n","protected":false},"author":1,"featured_media":168572,"comment_status":"closed","ping_status":"closed","sticky":false,"template":"","format":"standard","meta":{"footnotes":""},"categories":[458,459,17988],"tags":[],"class_list":["post-168570","post","type-post","status-publish","format-standard","has-post-thumbnail","","category-dunya1","category-haberler-arap-uluslararasi-politika","category-son-haberler"],"_links":{"self":[{"href":"https:\/\/archive.sana.sy\/tr\/index.php?rest_route=\/wp\/v2\/posts\/168570","targetHints":{"allow":["GET"]}}],"collection":[{"href":"https:\/\/archive.sana.sy\/tr\/index.php?rest_route=\/wp\/v2\/posts"}],"about":[{"href":"https:\/\/archive.sana.sy\/tr\/index.php?rest_route=\/wp\/v2\/types\/post"}],"author":[{"embeddable":true,"href":"https:\/\/archive.sana.sy\/tr\/index.php?rest_route=\/wp\/v2\/users\/1"}],"replies":[{"embeddable":true,"href":"https:\/\/archive.sana.sy\/tr\/index.php?rest_route=%2Fwp%2Fv2%2Fcomments&post=168570"}],"version-history":[{"count":0,"href":"https:\/\/archive.sana.sy\/tr\/index.php?rest_route=\/wp\/v2\/posts\/168570\/revisions"}],"wp:featuredmedia":[{"embeddable":true,"href":"https:\/\/archive.sana.sy\/tr\/index.php?rest_route=\/wp\/v2\/media\/168572"}],"wp:attachment":[{"href":"https:\/\/archive.sana.sy\/tr\/index.php?rest_route=%2Fwp%2Fv2%2Fmedia&parent=168570"}],"wp:term":[{"taxonomy":"category","embeddable":true,"href":"https:\/\/archive.sana.sy\/tr\/index.php?rest_route=%2Fwp%2Fv2%2Fcategories&post=168570"},{"taxonomy":"post_tag","embeddable":true,"href":"https:\/\/archive.sana.sy\/tr\/index.php?rest_route=%2Fwp%2Fv2%2Ftags&post=168570"}],"curies":[{"name":"wp","href":"https:\/\/api.w.org\/{rel}","templated":true}]}}