{"id":168582,"date":"2018-12-19T12:00:10","date_gmt":"2018-12-19T10:00:10","guid":{"rendered":"https:\/\/www.sana.sy\/tr\/?p=168582"},"modified":"2018-12-21T12:49:58","modified_gmt":"2018-12-21T10:49:58","slug":"suriyede-terorle-mucadeleye-katilan-kuvvetlerimizin-sayisini-kucultme-eylemi-tamamlandi","status":"publish","type":"post","link":"https:\/\/archive.sana.sy\/tr\/?p=168582","title":{"rendered":"Patlayan May\u0131n\u0131nda 1 Vatanda\u015f \u015eehit D\u00fc\u015ft\u00fc"},"content":{"rendered":"\n<p>HOMS \u2013 Homs k\u0131rsal\u0131n\u0131n g\u00fcneyinde I\u015e\u0130D\u2019in kal\u0131nt\u0131lar\u0131ndan bir may\u0131n\u0131n havaya u\u00e7mas\u0131 sonucunda 1 vatanda\u015f \u015fehit d\u00fc\u015ft\u00fc.<\/p>\n\n\n\n<p>SANA\u2019n\u0131n Homs muhabiri; Homs k\u0131rsal\u0131n\u0131n g\u00fcneydo\u011fusu Karyeteyn Kenti civar\u0131nda ordu birliklerimiz taraf\u0131ndan yok edilmeleri \u00f6ncesinde ter\u00f6ristlerin tar\u0131m arazilerine yerle\u015ftirdikleri bir may\u0131n\u0131n patlamas\u0131 sonucunda 1 vatanda\u015f\u0131n \u015fehit d\u00fc\u015ft\u00fc\u011f\u00fcn\u00fc belitti.<\/p>\n","protected":false},"excerpt":{"rendered":"<p>HOMS \u2013 Homs k\u0131rsal\u0131n\u0131n g\u00fcneyinde I\u015e\u0130D\u2019in kal\u0131nt\u0131lar\u0131ndan bir may\u0131n\u0131n havaya u\u00e7mas\u0131 sonucunda 1 vatanda\u015f \u015fehit d\u00fc\u015ft\u00fc. SANA\u2019n\u0131n Homs muhabiri; Homs k\u0131rsal\u0131n\u0131n g\u00fcneydo\u011fusu Karyeteyn Kenti civar\u0131nda ordu birliklerimiz taraf\u0131ndan yok edilmeleri \u00f6ncesinde ter\u00f6ristlerin tar\u0131m arazilerine yerle\u015ftirdikleri bir may\u0131n\u0131n patlamas\u0131 sonucunda 1 vatanda\u015f\u0131n \u015fehit d\u00fc\u015ft\u00fc\u011f\u00fcn\u00fc belitti.<\/p>\n","protected":false},"author":1,"featured_media":168594,"comment_status":"closed","ping_status":"closed","sticky":false,"template":"","format":"standard","meta":{"footnotes":""},"categories":[479,575,17988,478],"tags":[],"class_list":["post-168582","post","type-post","status-publish","format-standard","has-post-thumbnail","","category-haberler-yerel","category-olaylar-ve-gercekler","category-son-haberler","category-yerel"],"_links":{"self":[{"href":"https:\/\/archive.sana.sy\/tr\/index.php?rest_route=\/wp\/v2\/posts\/168582","targetHints":{"allow":["GET"]}}],"collection":[{"href":"https:\/\/archive.sana.sy\/tr\/index.php?rest_route=\/wp\/v2\/posts"}],"about":[{"href":"https:\/\/archive.sana.sy\/tr\/index.php?rest_route=\/wp\/v2\/types\/post"}],"author":[{"embeddable":true,"href":"https:\/\/archive.sana.sy\/tr\/index.php?rest_route=\/wp\/v2\/users\/1"}],"replies":[{"embeddable":true,"href":"https:\/\/archive.sana.sy\/tr\/index.php?rest_route=%2Fwp%2Fv2%2Fcomments&post=168582"}],"version-history":[{"count":0,"href":"https:\/\/archive.sana.sy\/tr\/index.php?rest_route=\/wp\/v2\/posts\/168582\/revisions"}],"wp:featuredmedia":[{"embeddable":true,"href":"https:\/\/archive.sana.sy\/tr\/index.php?rest_route=\/wp\/v2\/media\/168594"}],"wp:attachment":[{"href":"https:\/\/archive.sana.sy\/tr\/index.php?rest_route=%2Fwp%2Fv2%2Fmedia&parent=168582"}],"wp:term":[{"taxonomy":"category","embeddable":true,"href":"https:\/\/archive.sana.sy\/tr\/index.php?rest_route=%2Fwp%2Fv2%2Fcategories&post=168582"},{"taxonomy":"post_tag","embeddable":true,"href":"https:\/\/archive.sana.sy\/tr\/index.php?rest_route=%2Fwp%2Fv2%2Ftags&post=168582"}],"curies":[{"name":"wp","href":"https:\/\/api.w.org\/{rel}","templated":true}]}}