{"id":168619,"date":"2018-12-19T13:30:07","date_gmt":"2018-12-19T11:30:07","guid":{"rendered":"https:\/\/www.sana.sy\/tr\/?p=168619"},"modified":"2018-12-21T12:49:43","modified_gmt":"2018-12-21T10:49:43","slug":"israil-54-cocugu-oldurdu-900-cocugu-da-tutukladi","status":"publish","type":"post","link":"https:\/\/archive.sana.sy\/tr\/?p=168619","title":{"rendered":"\u0130srail 54 \u00c7ocu\u011fu \u00d6ld\u00fcrd\u00fc, 900 \u00c7ocu\u011fu da Tutuklad\u0131"},"content":{"rendered":"\n<p>KUD\u00dcS \u2013 Filistin Kurtulu\u015f \u00d6rg\u00fct\u00fcne tabi Ara\u015ft\u0131rma ve Belgeleme Merkezi; i\u015fgalci \u0130srail\u2019in bu y\u0131l\u0131n ba\u015flar\u0131ndan beri sadece Bat\u0131 Yaka\u2019da Filistinli 54 \u00e7ocu\u011fu vah\u015fice katletti\u011fini ve 900 \u00e7ocu\u011fu tutuklad\u0131\u011f\u0131n\u0131 ortaya \u00e7\u0131kard\u0131. <\/p>\n\n\n\n<p>Filistinli Vafa Ajans\u0131n\u0131n aktard\u0131\u011f\u0131 raporunda merkez; i\u015fgalci \u0130srail&#8217;in tutuklad\u0131\u011f\u0131 Filistinli \u00e7ocuklardan 230 \u00e7ocu\u011fun i\u015fgal tutukevleri ve cezaevlerinde insanl\u0131k d\u0131\u015f\u0131 ko\u015fullar alt\u0131nda tutulduklar\u0131na dikkat \u00e7ekti. <\/p>\n\n\n\n<p>\u015eehit d\u00fc\u015fen Filistinli \u00e7ocuklar\u0131n 44\u2019d\u00fcn\u00fcn Gazze Kesimi s\u0131n\u0131rlar\u0131nda yap\u0131lan bar\u0131\u015f\u00e7\u0131l g\u00f6steriler s\u0131ras\u0131nda i\u015fgal g\u00fc\u00e7leri taraf\u0131ndan so\u011fukkanl\u0131l\u0131kla katledildiklerine dikkat \u00e7ekilen raporda; i\u015fgal g\u00fc\u00e7lerinin hala bir k\u0131s\u0131m \u00e7ocuklar\u0131n cesetlerini teslim etmeyi reddetti\u011fi ifade edildi. <\/p>\n\n\n\n<p>Raporda i\u015fgal otoritelerinin tutuklad\u0131\u011f\u0131 Filistinli \u00e7ocuklara insanl\u0131k d\u0131\u015f\u0131 fiziksel ve manevi i\u015fkencelerde bulunduklar\u0131na, bir k\u0131sm\u0131n\u0131 g\u00fcnlerce m\u00fcnferit zindanlarda tuttuklar\u0131na dikkat \u00e7ekildi. <\/p>\n\n\n\n<p>Uluslararas\u0131 Filistinli \u00c7ocuklar\u0131 Koruma Hareketi ise benzer bir raporda; \u0130srail i\u015fgal otoritelerinin genel olarak Filistinli \u00e7ocuklar\u0131 fiziksel ve psikolojik engelli \u00e7ocuklara d\u00f6n\u00fc\u015ft\u00fcrmeye \u00e7al\u0131\u015ft\u0131\u011f\u0131na vurgu yapt\u0131. <\/p>\n\n\n\n<ul class=\"wp-block-gallery alignright columns-1 is-cropped wp-block-gallery-1 is-layout-flex wp-block-gallery-is-layout-flex\"><li class=\"blocks-gallery-item\"><figure><a href=\"https:\/\/www.sana.sy\/tr\/wp-content\/uploads\/2018\/12\/4-17.jpg\"><img loading=\"lazy\" decoding=\"async\" width=\"660\" height=\"358\" src=\"https:\/\/www.sana.sy\/tr\/wp-content\/uploads\/2018\/12\/4-17.jpg\" alt=\"\" data-id=\"168624\" data-link=\"https:\/\/www.sana.sy\/tr\/?attachment_id=168624\" class=\"wp-image-168624\" srcset=\"https:\/\/archive.sana.sy\/tr\/wp-content\/uploads\/2018\/12\/4-17.jpg 660w, https:\/\/archive.sana.sy\/tr\/wp-content\/uploads\/2018\/12\/4-17-150x81.jpg 150w, https:\/\/archive.sana.sy\/tr\/wp-content\/uploads\/2018\/12\/4-17-300x163.jpg 300w\" sizes=\"auto, (max-width: 660px) 100vw, 660px\" \/><\/a><\/figure><\/li><\/ul>\n\n\n\n<p>Hareket i\u015fgal g\u00fc\u00e7lerinin Filistinli \u00e7ocuklara kas\u0131tl\u0131 olarak canl\u0131 ve patlay\u0131c\u0131 mermi s\u0131kt\u0131klar\u0131na dikkat \u00e7ekerken, \u0130srail&#8217;in bu olduk\u00e7a tehlikeli su\u00e7lar\u0131n\u0131n uluslar aras\u0131 toplum taraf\u0131ndan soru\u015fturulup faillerinin cezaland\u0131r\u0131lmalar\u0131 gerekti\u011finin alt\u0131n\u0131 \u00e7izdi.<\/p>\n","protected":false},"excerpt":{"rendered":"<p>KUD\u00dcS \u2013 Filistin Kurtulu\u015f \u00d6rg\u00fct\u00fcne tabi Ara\u015ft\u0131rma ve Belgeleme Merkezi; i\u015fgalci \u0130srail\u2019in bu y\u0131l\u0131n ba\u015flar\u0131ndan beri sadece Bat\u0131 Yaka\u2019da Filistinli 54 \u00e7ocu\u011fu vah\u015fice katletti\u011fini ve 900 \u00e7ocu\u011fu tutuklad\u0131\u011f\u0131n\u0131 ortaya \u00e7\u0131kard\u0131. Filistinli Vafa Ajans\u0131n\u0131n aktard\u0131\u011f\u0131 raporunda merkez; i\u015fgalci \u0130srail&#8217;in tutuklad\u0131\u011f\u0131 Filistinli \u00e7ocuklardan 230 \u00e7ocu\u011fun i\u015fgal tutukevleri ve cezaevlerinde insanl\u0131k d\u0131\u015f\u0131 ko\u015fullar alt\u0131nda tutulduklar\u0131na dikkat \u00e7ekti. \u015eehit &hellip;<\/p>\n","protected":false},"author":1,"featured_media":168625,"comment_status":"closed","ping_status":"closed","sticky":false,"template":"","format":"standard","meta":{"footnotes":""},"categories":[458,459,17988],"tags":[],"class_list":["post-168619","post","type-post","status-publish","format-standard","has-post-thumbnail","","category-dunya1","category-haberler-arap-uluslararasi-politika","category-son-haberler"],"_links":{"self":[{"href":"https:\/\/archive.sana.sy\/tr\/index.php?rest_route=\/wp\/v2\/posts\/168619","targetHints":{"allow":["GET"]}}],"collection":[{"href":"https:\/\/archive.sana.sy\/tr\/index.php?rest_route=\/wp\/v2\/posts"}],"about":[{"href":"https:\/\/archive.sana.sy\/tr\/index.php?rest_route=\/wp\/v2\/types\/post"}],"author":[{"embeddable":true,"href":"https:\/\/archive.sana.sy\/tr\/index.php?rest_route=\/wp\/v2\/users\/1"}],"replies":[{"embeddable":true,"href":"https:\/\/archive.sana.sy\/tr\/index.php?rest_route=%2Fwp%2Fv2%2Fcomments&post=168619"}],"version-history":[{"count":0,"href":"https:\/\/archive.sana.sy\/tr\/index.php?rest_route=\/wp\/v2\/posts\/168619\/revisions"}],"wp:featuredmedia":[{"embeddable":true,"href":"https:\/\/archive.sana.sy\/tr\/index.php?rest_route=\/wp\/v2\/media\/168625"}],"wp:attachment":[{"href":"https:\/\/archive.sana.sy\/tr\/index.php?rest_route=%2Fwp%2Fv2%2Fmedia&parent=168619"}],"wp:term":[{"taxonomy":"category","embeddable":true,"href":"https:\/\/archive.sana.sy\/tr\/index.php?rest_route=%2Fwp%2Fv2%2Fcategories&post=168619"},{"taxonomy":"post_tag","embeddable":true,"href":"https:\/\/archive.sana.sy\/tr\/index.php?rest_route=%2Fwp%2Fv2%2Ftags&post=168619"}],"curies":[{"name":"wp","href":"https:\/\/api.w.org\/{rel}","templated":true}]}}