{"id":168742,"date":"2018-12-21T20:00:06","date_gmt":"2018-12-21T18:00:06","guid":{"rendered":"https:\/\/sana.sy\/tr\/?p=168742"},"modified":"2018-12-22T13:07:49","modified_gmt":"2018-12-22T11:07:49","slug":"guvenlik-konseyi-undof-gorevini-6-ay-uzatti","status":"publish","type":"post","link":"https:\/\/archive.sana.sy\/tr\/?p=168742","title":{"rendered":"G\u00fcvenlik Konseyi UNDOF G\u00f6revini 6 Ay Uzatt\u0131"},"content":{"rendered":"\n<p>NEW YORK \u2013 Uluslararas\u0131 G\u00fcvenlik Konseyi bug\u00fcn, \u0130srail i\u015fgali alt\u0131ndaki Golan topraklar\u0131nda g\u00f6rev yapan UNDOF g\u00fc\u00e7lerinin g\u00f6revini alt\u0131 ay daha uzatt\u0131.<\/p>\n\n\n\n<p>BM Kas\u0131m 2016&#8217;da\nUNDOF kuvvetlerinden bir grup askerin Suriye&#8217;deki mevkilerine d\u00f6nd\u00fc\u011f\u00fcn\u00fc ilan\netmi\u015fti.<\/p>\n\n\n\n<p>BM, Nusra Cephesi\nter\u00f6r \u00f6rg\u00fct\u00fc ter\u00f6ristlerinin UNDOF kuvvetlerinden Fiji&#8217;li 40&#8217;tan fazla askeri\nka\u00e7\u0131rmas\u0131 ve Filipinli di\u011fer askerleri abluka alt\u0131na almalar\u0131 ard\u0131ndan Eyl\u00fcl\n2014&#8217;te&nbsp; baz\u0131 elemanlar\u0131n\u0131 \u00e7ekmi\u015fti.<\/p>\n\n\n\n<p>BM Genel Sekreteri Antonio Guteres&#8217;in ge\u00e7en Mart ay\u0131nda UNDOF kuvvetleriyle ilgili yay\u0131nlad\u0131\u011f\u0131 raporda, i\u015fgalci &#8220;\u0130srail&#8221; varl\u0131\u011f\u0131n\u0131n aralar\u0131nda uluslararas\u0131 ter\u00f6r \u00f6rg\u00fctleri listesinde yer alan Nusra Cephesi&#8217;nin de yer ald\u0131\u011f\u0131 Suriye&#8217;deki ter\u00f6rist \u00f6rg\u00fct\u015fere destek sundu\u011funu bunun yan\u0131 s\u0131ra do\u011frudan ileti\u015fim ve koordinasyon i\u00e7erisinde oldu\u011funu belirtti\u011fine i\u015faret ediliyor.<\/p>\n\n\n\n<p>\u00c7eviri: S. \u015eahhut<\/p>\n","protected":false},"excerpt":{"rendered":"<p>NEW YORK \u2013 Uluslararas\u0131 G\u00fcvenlik Konseyi bug\u00fcn, \u0130srail i\u015fgali alt\u0131ndaki Golan topraklar\u0131nda g\u00f6rev yapan UNDOF g\u00fc\u00e7lerinin g\u00f6revini alt\u0131 ay daha uzatt\u0131. BM Kas\u0131m 2016&#8217;da UNDOF kuvvetlerinden bir grup askerin Suriye&#8217;deki mevkilerine d\u00f6nd\u00fc\u011f\u00fcn\u00fc ilan etmi\u015fti. BM, Nusra Cephesi ter\u00f6r \u00f6rg\u00fct\u00fc ter\u00f6ristlerinin UNDOF kuvvetlerinden Fiji&#8217;li 40&#8217;tan fazla askeri ka\u00e7\u0131rmas\u0131 ve Filipinli di\u011fer askerleri abluka alt\u0131na almalar\u0131 ard\u0131ndan &hellip;<\/p>\n","protected":false},"author":1,"featured_media":168743,"comment_status":"closed","ping_status":"closed","sticky":false,"template":"","format":"standard","meta":{"footnotes":""},"categories":[458,459,17988],"tags":[],"class_list":["post-168742","post","type-post","status-publish","format-standard","has-post-thumbnail","","category-dunya1","category-haberler-arap-uluslararasi-politika","category-son-haberler"],"_links":{"self":[{"href":"https:\/\/archive.sana.sy\/tr\/index.php?rest_route=\/wp\/v2\/posts\/168742","targetHints":{"allow":["GET"]}}],"collection":[{"href":"https:\/\/archive.sana.sy\/tr\/index.php?rest_route=\/wp\/v2\/posts"}],"about":[{"href":"https:\/\/archive.sana.sy\/tr\/index.php?rest_route=\/wp\/v2\/types\/post"}],"author":[{"embeddable":true,"href":"https:\/\/archive.sana.sy\/tr\/index.php?rest_route=\/wp\/v2\/users\/1"}],"replies":[{"embeddable":true,"href":"https:\/\/archive.sana.sy\/tr\/index.php?rest_route=%2Fwp%2Fv2%2Fcomments&post=168742"}],"version-history":[{"count":0,"href":"https:\/\/archive.sana.sy\/tr\/index.php?rest_route=\/wp\/v2\/posts\/168742\/revisions"}],"wp:featuredmedia":[{"embeddable":true,"href":"https:\/\/archive.sana.sy\/tr\/index.php?rest_route=\/wp\/v2\/media\/168743"}],"wp:attachment":[{"href":"https:\/\/archive.sana.sy\/tr\/index.php?rest_route=%2Fwp%2Fv2%2Fmedia&parent=168742"}],"wp:term":[{"taxonomy":"category","embeddable":true,"href":"https:\/\/archive.sana.sy\/tr\/index.php?rest_route=%2Fwp%2Fv2%2Fcategories&post=168742"},{"taxonomy":"post_tag","embeddable":true,"href":"https:\/\/archive.sana.sy\/tr\/index.php?rest_route=%2Fwp%2Fv2%2Ftags&post=168742"}],"curies":[{"name":"wp","href":"https:\/\/api.w.org\/{rel}","templated":true}]}}