{"id":168767,"date":"2018-12-21T18:24:38","date_gmt":"2018-12-21T16:24:38","guid":{"rendered":"https:\/\/sana.sy\/tr\/?p=168767"},"modified":"2018-12-22T13:07:51","modified_gmt":"2018-12-22T11:07:51","slug":"olimpik-suriye-futbol-takimi-iran-karsisinda-ikinci-defa-maglup-oldu","status":"publish","type":"post","link":"https:\/\/archive.sana.sy\/tr\/?p=168767","title":{"rendered":"Olimpik Suriye Futbol Tak\u0131m\u0131 \u0130ran Kar\u015f\u0131s\u0131nda \u0130kinci Defa Ma\u011flup Oldu"},"content":{"rendered":"\n<p>TAHRAN \u2013 Suriye\nOlimpik Futbol tak\u0131m\u0131 \u0130ran kar\u015f\u0131s\u0131nda oynad\u0131\u011f\u0131 ikinci dostluk ma\u00e7\u0131n\u0131 da 3-1\nkaybetti.<\/p>\n\n\n\n<p>Asya \u015fampiyonas\u0131\nelemelerine haz\u0131rl\u0131k ma\u00e7lar\u0131 oynayan millilerimizin gol\u00fc ilk yar\u0131da Naim Gazal\ntaraf\u0131ndan penalt\u0131yla gelirken, ilk yar\u0131&nbsp;\n\u0130ran&#8217;\u0131n da gol atmas\u0131yla berabere sona erdi. \u0130kinci yar\u0131da 2 gol daha\nkaydeden \u0130ran ma\u00e7\u0131 3-1 galip bitirdi. \u0130ran ge\u00e7en hafta oynad\u0131\u011f\u0131 dostluk ma\u00e7\u0131n\u0131\nda 2-0 kazanm\u0131\u015ft\u0131.<\/p>\n\n\n\n<p>Millilerimizin\nteknik direkt\u00f6r\u00fc H\u00fcseyin Afa\u015f, dostluk ma\u00e7lar\u0131n\u0131n temel hedefinin hatalar\u0131\nke\u015ffetmek ve resmi ma\u00e7lar i\u00e7in dorultmak oldu\u011funu belirterek, ma\u00e7larda b\u00fct\u00fcn\noyuncular\u0131 oynatt\u0131\u011f\u0131n\u0131 \u00f6zellikle de ge\u00e7en ay Bahreyn kar\u015f\u0131s\u0131nda oynamayan\noyuncular\u0131 dahil etti\u011fini ifade etti.<\/p>\n\n\n\n<p>Afa\u015f, baz\u0131 temel oyuncular\u0131n sakatl\u0131k ve vize i\u015flemleri gibi baz\u0131 nedenlerle tak\u0131mdan uzak kald\u0131klar\u0131n\u0131 bu y\u00fczden milli futbol tak\u0131m\u0131na olumsuz bir \u015fekilde yans\u0131d\u0131\u011f\u0131n\u0131 dile getirdi.<\/p>\n\n\n\n<p>\u00c7eviri: S. \u015eahhut<\/p>\n","protected":false},"excerpt":{"rendered":"<p>TAHRAN \u2013 Suriye Olimpik Futbol tak\u0131m\u0131 \u0130ran kar\u015f\u0131s\u0131nda oynad\u0131\u011f\u0131 ikinci dostluk ma\u00e7\u0131n\u0131 da 3-1 kaybetti. Asya \u015fampiyonas\u0131 elemelerine haz\u0131rl\u0131k ma\u00e7lar\u0131 oynayan millilerimizin gol\u00fc ilk yar\u0131da Naim Gazal taraf\u0131ndan penalt\u0131yla gelirken, ilk yar\u0131&nbsp; \u0130ran&#8217;\u0131n da gol atmas\u0131yla berabere sona erdi. \u0130kinci yar\u0131da 2 gol daha kaydeden \u0130ran ma\u00e7\u0131 3-1 galip bitirdi. \u0130ran ge\u00e7en hafta oynad\u0131\u011f\u0131 dostluk &hellip;<\/p>\n","protected":false},"author":1,"featured_media":168768,"comment_status":"closed","ping_status":"closed","sticky":false,"template":"","format":"standard","meta":{"footnotes":""},"categories":[498,17988,496],"tags":[],"class_list":["post-168767","post","type-post","status-publish","format-standard","has-post-thumbnail","","category-dunya-turnuvalari","category-son-haberler","category-spor"],"_links":{"self":[{"href":"https:\/\/archive.sana.sy\/tr\/index.php?rest_route=\/wp\/v2\/posts\/168767","targetHints":{"allow":["GET"]}}],"collection":[{"href":"https:\/\/archive.sana.sy\/tr\/index.php?rest_route=\/wp\/v2\/posts"}],"about":[{"href":"https:\/\/archive.sana.sy\/tr\/index.php?rest_route=\/wp\/v2\/types\/post"}],"author":[{"embeddable":true,"href":"https:\/\/archive.sana.sy\/tr\/index.php?rest_route=\/wp\/v2\/users\/1"}],"replies":[{"embeddable":true,"href":"https:\/\/archive.sana.sy\/tr\/index.php?rest_route=%2Fwp%2Fv2%2Fcomments&post=168767"}],"version-history":[{"count":0,"href":"https:\/\/archive.sana.sy\/tr\/index.php?rest_route=\/wp\/v2\/posts\/168767\/revisions"}],"wp:featuredmedia":[{"embeddable":true,"href":"https:\/\/archive.sana.sy\/tr\/index.php?rest_route=\/wp\/v2\/media\/168768"}],"wp:attachment":[{"href":"https:\/\/archive.sana.sy\/tr\/index.php?rest_route=%2Fwp%2Fv2%2Fmedia&parent=168767"}],"wp:term":[{"taxonomy":"category","embeddable":true,"href":"https:\/\/archive.sana.sy\/tr\/index.php?rest_route=%2Fwp%2Fv2%2Fcategories&post=168767"},{"taxonomy":"post_tag","embeddable":true,"href":"https:\/\/archive.sana.sy\/tr\/index.php?rest_route=%2Fwp%2Fv2%2Ftags&post=168767"}],"curies":[{"name":"wp","href":"https:\/\/api.w.org\/{rel}","templated":true}]}}