{"id":169710,"date":"2018-12-25T13:00:05","date_gmt":"2018-12-25T11:00:05","guid":{"rendered":"https:\/\/www.sana.sy\/tr\/?p=169710"},"modified":"2018-12-26T12:22:58","modified_gmt":"2018-12-26T10:22:58","slug":"kartallar-son-idmanlarini-yapiyor","status":"publish","type":"post","link":"https:\/\/archive.sana.sy\/tr\/?p=169710","title":{"rendered":"Kartallar Son \u0130dmanlar\u0131n\u0131 Yap\u0131yor"},"content":{"rendered":"\n<p>EBU DAB\u0130 \u2013 Birle\u015fik Arap Emirliklerinde ba\u015flayacak olan Asya kupas\u0131na kat\u0131lmak \u00fczere Ebu Dabi Vilayetine ula\u015fan milli futbol tak\u0131m\u0131m\u0131z Kasiyon Kartallar\u0131 bug\u00fcn Zayid Stad\u0131nda son idmanlar\u0131na ba\u015flad\u0131. <\/p>\n\n\n\n<p>Y\u00fcksek bir moral ve ba\u015far\u0131 azmiyle idmanlar\u0131n\u0131 yapan kartallar; Asya Kupas\u0131na ba\u015flamadan \u00f6nce Yemen tak\u0131m\u0131 ile son bir dostluk ma\u00e7\u0131 oynayacak. <\/p>\n\n\n\n<ul class=\"wp-block-gallery alignright columns-1 is-cropped wp-block-gallery-1 is-layout-flex wp-block-gallery-is-layout-flex\"><li class=\"blocks-gallery-item\"><figure><a href=\"https:\/\/www.sana.sy\/tr\/wp-content\/uploads\/2018\/12\/2-80.jpg\"><img loading=\"lazy\" decoding=\"async\" width=\"660\" height=\"440\" src=\"https:\/\/www.sana.sy\/tr\/wp-content\/uploads\/2018\/12\/2-80.jpg\" alt=\"\" data-id=\"169721\" data-link=\"https:\/\/www.sana.sy\/tr\/?attachment_id=169721\" class=\"wp-image-169721\" srcset=\"https:\/\/archive.sana.sy\/tr\/wp-content\/uploads\/2018\/12\/2-80.jpg 660w, https:\/\/archive.sana.sy\/tr\/wp-content\/uploads\/2018\/12\/2-80-150x100.jpg 150w, https:\/\/archive.sana.sy\/tr\/wp-content\/uploads\/2018\/12\/2-80-300x200.jpg 300w\" sizes=\"auto, (max-width: 660px) 100vw, 660px\" \/><\/a><\/figure><\/li><\/ul>\n\n\n\n<p>Y\u00fcksek bir moral ve ba\u015far\u0131 azmiyle idmanlar\u0131n\u0131 yapan kartallar; Asya Kupas\u0131na ba\u015flamadan \u00f6nce Yemen tak\u0131m\u0131 ile son bir dostluk ma\u00e7\u0131 oynayacak. Kasiyon Kartallar\u0131 d\u00fcn ak\u015fam Ebu Dabi\u2019ye varm\u0131\u015f, orada b\u00fcy\u00fck bir ilgi ve co\u015fkuyla kar\u015f\u0131lanm\u0131\u015ft\u0131.<\/p>\n\n\n\n<ul class=\"wp-block-gallery columns-1 is-cropped wp-block-gallery-2 is-layout-flex wp-block-gallery-is-layout-flex\"><li class=\"blocks-gallery-item\"><figure><img loading=\"lazy\" decoding=\"async\" width=\"660\" height=\"440\" src=\"https:\/\/www.sana.sy\/tr\/wp-content\/uploads\/2018\/12\/3-60.jpg\" alt=\"\" data-id=\"169722\" data-link=\"https:\/\/www.sana.sy\/tr\/?attachment_id=169722\" class=\"wp-image-169722\" srcset=\"https:\/\/archive.sana.sy\/tr\/wp-content\/uploads\/2018\/12\/3-60.jpg 660w, https:\/\/archive.sana.sy\/tr\/wp-content\/uploads\/2018\/12\/3-60-150x100.jpg 150w, https:\/\/archive.sana.sy\/tr\/wp-content\/uploads\/2018\/12\/3-60-300x200.jpg 300w\" sizes=\"auto, (max-width: 660px) 100vw, 660px\" \/><\/figure><\/li><\/ul>\n\n\n\n<ul class=\"wp-block-gallery columns-1 is-cropped wp-block-gallery-3 is-layout-flex wp-block-gallery-is-layout-flex\"><li class=\"blocks-gallery-item\"><figure><a href=\"https:\/\/www.sana.sy\/tr\/wp-content\/uploads\/2018\/12\/4-28.jpg\"><img loading=\"lazy\" decoding=\"async\" width=\"660\" height=\"440\" src=\"https:\/\/www.sana.sy\/tr\/wp-content\/uploads\/2018\/12\/4-28.jpg\" alt=\"\" data-id=\"169720\" data-link=\"https:\/\/www.sana.sy\/tr\/?attachment_id=169720\" class=\"wp-image-169720\" srcset=\"https:\/\/archive.sana.sy\/tr\/wp-content\/uploads\/2018\/12\/4-28.jpg 660w, https:\/\/archive.sana.sy\/tr\/wp-content\/uploads\/2018\/12\/4-28-150x100.jpg 150w, https:\/\/archive.sana.sy\/tr\/wp-content\/uploads\/2018\/12\/4-28-300x200.jpg 300w\" sizes=\"auto, (max-width: 660px) 100vw, 660px\" \/><\/a><\/figure><\/li><\/ul>\n","protected":false},"excerpt":{"rendered":"<p>EBU DAB\u0130 \u2013 Birle\u015fik Arap Emirliklerinde ba\u015flayacak olan Asya kupas\u0131na kat\u0131lmak \u00fczere Ebu Dabi Vilayetine ula\u015fan milli futbol tak\u0131m\u0131m\u0131z Kasiyon Kartallar\u0131 bug\u00fcn Zayid Stad\u0131nda son idmanlar\u0131na ba\u015flad\u0131. Y\u00fcksek bir moral ve ba\u015far\u0131 azmiyle idmanlar\u0131n\u0131 yapan kartallar; Asya Kupas\u0131na ba\u015flamadan \u00f6nce Yemen tak\u0131m\u0131 ile son bir dostluk ma\u00e7\u0131 oynayacak. Y\u00fcksek bir moral ve ba\u015far\u0131 azmiyle idmanlar\u0131n\u0131 &hellip;<\/p>\n","protected":false},"author":1,"featured_media":169711,"comment_status":"closed","ping_status":"closed","sticky":false,"template":"","format":"standard","meta":{"footnotes":""},"categories":[498,17988,496],"tags":[],"class_list":["post-169710","post","type-post","status-publish","format-standard","has-post-thumbnail","","category-dunya-turnuvalari","category-son-haberler","category-spor"],"_links":{"self":[{"href":"https:\/\/archive.sana.sy\/tr\/index.php?rest_route=\/wp\/v2\/posts\/169710","targetHints":{"allow":["GET"]}}],"collection":[{"href":"https:\/\/archive.sana.sy\/tr\/index.php?rest_route=\/wp\/v2\/posts"}],"about":[{"href":"https:\/\/archive.sana.sy\/tr\/index.php?rest_route=\/wp\/v2\/types\/post"}],"author":[{"embeddable":true,"href":"https:\/\/archive.sana.sy\/tr\/index.php?rest_route=\/wp\/v2\/users\/1"}],"replies":[{"embeddable":true,"href":"https:\/\/archive.sana.sy\/tr\/index.php?rest_route=%2Fwp%2Fv2%2Fcomments&post=169710"}],"version-history":[{"count":0,"href":"https:\/\/archive.sana.sy\/tr\/index.php?rest_route=\/wp\/v2\/posts\/169710\/revisions"}],"wp:featuredmedia":[{"embeddable":true,"href":"https:\/\/archive.sana.sy\/tr\/index.php?rest_route=\/wp\/v2\/media\/169711"}],"wp:attachment":[{"href":"https:\/\/archive.sana.sy\/tr\/index.php?rest_route=%2Fwp%2Fv2%2Fmedia&parent=169710"}],"wp:term":[{"taxonomy":"category","embeddable":true,"href":"https:\/\/archive.sana.sy\/tr\/index.php?rest_route=%2Fwp%2Fv2%2Fcategories&post=169710"},{"taxonomy":"post_tag","embeddable":true,"href":"https:\/\/archive.sana.sy\/tr\/index.php?rest_route=%2Fwp%2Fv2%2Ftags&post=169710"}],"curies":[{"name":"wp","href":"https:\/\/api.w.org\/{rel}","templated":true}]}}