{"id":169775,"date":"2018-12-26T12:58:43","date_gmt":"2018-12-26T10:58:43","guid":{"rendered":"https:\/\/www.sana.sy\/tr\/?p=169775"},"modified":"2018-12-27T14:14:07","modified_gmt":"2018-12-27T12:14:07","slug":"saldirganlardan-onlarcasi-olu-yarali-dusuruldu","status":"publish","type":"post","link":"https:\/\/archive.sana.sy\/tr\/?p=169775","title":{"rendered":"Yeni B\u00fcy\u00fckel\u00e7inin G\u00fcven Mektubundan Bir N\u00fcsha Teslim Ald\u0131"},"content":{"rendered":"\n<p> \u015eAM \u2013 Ba\u015fbakan Yard\u0131mc\u0131s\u0131 D\u0131\u015fi\u015fleri ve Gurbet\u00e7iler Bakan\u0131 Velid Muallim bug\u00fcn, Belarus\u2019un \u015eam\u2019a atad\u0131\u011f\u0131 yeni b\u00fcy\u00fckel\u00e7isi Yuri Sluka\u2019y\u0131 kabul edip; yetkili ola\u011fan\u00fcst\u00fc b\u00fcy\u00fckel\u00e7i olarak g\u00f6rev mektubundan bir n\u00fcshay\u0131 teslim ald\u0131.<\/p>\n\n\n\n<p>\u0130ki \u00fclke aras\u0131ndaki ili\u015fkiler ve bu ili\u015fkileri muhtelif alanlarda geli\u015ftirme olanaklar\u0131n\u0131n ele al\u0131nd\u0131\u011f\u0131 g\u00f6r\u00fc\u015fmede Muallim; yeni b\u00fcy\u00fckel\u00e7iye ikili ili\u015fkileri iki \u00fclke halklar\u0131n\u0131n \u00e7\u0131karlar\u0131 do\u011frultusunda geli\u015ftirilmesi y\u00f6n\u00fcnde g\u00f6revinde ba\u015far\u0131 temennilerinde bulundu. <\/p>\n","protected":false},"excerpt":{"rendered":"<p>\u015eAM \u2013 Ba\u015fbakan Yard\u0131mc\u0131s\u0131 D\u0131\u015fi\u015fleri ve Gurbet\u00e7iler Bakan\u0131 Velid Muallim bug\u00fcn, Belarus\u2019un \u015eam\u2019a atad\u0131\u011f\u0131 yeni b\u00fcy\u00fckel\u00e7isi Yuri Sluka\u2019y\u0131 kabul edip; yetkili ola\u011fan\u00fcst\u00fc b\u00fcy\u00fckel\u00e7i olarak g\u00f6rev mektubundan bir n\u00fcshay\u0131 teslim ald\u0131. \u0130ki \u00fclke aras\u0131ndaki ili\u015fkiler ve bu ili\u015fkileri muhtelif alanlarda geli\u015ftirme olanaklar\u0131n\u0131n ele al\u0131nd\u0131\u011f\u0131 g\u00f6r\u00fc\u015fmede Muallim; yeni b\u00fcy\u00fckel\u00e7iye ikili ili\u015fkileri iki \u00fclke halklar\u0131n\u0131n \u00e7\u0131karlar\u0131 do\u011frultusunda geli\u015ftirilmesi &hellip;<\/p>\n","protected":false},"author":1,"featured_media":169780,"comment_status":"closed","ping_status":"closed","sticky":false,"template":"","format":"standard","meta":{"footnotes":""},"categories":[479,17988,478],"tags":[],"class_list":["post-169775","post","type-post","status-publish","format-standard","has-post-thumbnail","","category-haberler-yerel","category-son-haberler","category-yerel"],"_links":{"self":[{"href":"https:\/\/archive.sana.sy\/tr\/index.php?rest_route=\/wp\/v2\/posts\/169775","targetHints":{"allow":["GET"]}}],"collection":[{"href":"https:\/\/archive.sana.sy\/tr\/index.php?rest_route=\/wp\/v2\/posts"}],"about":[{"href":"https:\/\/archive.sana.sy\/tr\/index.php?rest_route=\/wp\/v2\/types\/post"}],"author":[{"embeddable":true,"href":"https:\/\/archive.sana.sy\/tr\/index.php?rest_route=\/wp\/v2\/users\/1"}],"replies":[{"embeddable":true,"href":"https:\/\/archive.sana.sy\/tr\/index.php?rest_route=%2Fwp%2Fv2%2Fcomments&post=169775"}],"version-history":[{"count":0,"href":"https:\/\/archive.sana.sy\/tr\/index.php?rest_route=\/wp\/v2\/posts\/169775\/revisions"}],"wp:featuredmedia":[{"embeddable":true,"href":"https:\/\/archive.sana.sy\/tr\/index.php?rest_route=\/wp\/v2\/media\/169780"}],"wp:attachment":[{"href":"https:\/\/archive.sana.sy\/tr\/index.php?rest_route=%2Fwp%2Fv2%2Fmedia&parent=169775"}],"wp:term":[{"taxonomy":"category","embeddable":true,"href":"https:\/\/archive.sana.sy\/tr\/index.php?rest_route=%2Fwp%2Fv2%2Fcategories&post=169775"},{"taxonomy":"post_tag","embeddable":true,"href":"https:\/\/archive.sana.sy\/tr\/index.php?rest_route=%2Fwp%2Fv2%2Ftags&post=169775"}],"curies":[{"name":"wp","href":"https:\/\/api.w.org\/{rel}","templated":true}]}}