{"id":169783,"date":"2018-12-26T13:18:55","date_gmt":"2018-12-26T11:18:55","guid":{"rendered":"https:\/\/www.sana.sy\/tr\/?p=169783"},"modified":"2018-12-27T13:14:30","modified_gmt":"2018-12-27T11:14:30","slug":"saldirganlardan-onlarcasi-olu-yarali-dusuruldu-2","status":"publish","type":"post","link":"https:\/\/archive.sana.sy\/tr\/?p=169783","title":{"rendered":"Sald\u0131rganlardan Onlarcas\u0131 \u00d6l\u00fc Yaral\u0131 D\u00fc\u015f\u00fcr\u00fcld\u00fc"},"content":{"rendered":"\n<p> HAMA \u2013 Hama k\u0131rsal\u0131n\u0131n kuzeyinde \u0130dlib i\u00e7in imzalanan silahs\u0131z b\u00f6lge anla\u015fmas\u0131n\u0131 ihlal edip civardaki askeri noktalar ve sivil yerle\u015fim alanlar\u0131na gaddar sald\u0131r\u0131lar\u0131n\u0131 s\u00fcrd\u00fcren kiral\u0131k ter\u00f6ristlere kar\u015f\u0131 koymaya devam eden ordu birliklerimiz bug\u00fcn de bu sald\u0131rganlardan onlarcas\u0131n\u0131 \u00f6l\u00fc yaral\u0131 d\u00fc\u015f\u00fcrd\u00fc.<\/p>\n\n\n\n<p>Askeri bir kaynak SANA\u2019ya a\u00e7\u0131klamalar\u0131nda Hama k\u0131rsal\u0131n\u0131n kuzeyinde vatan ve vatanda\u015flar\u0131n g\u00fcvenli\u011fini kiral\u0131k ter\u00f6ristlerin sald\u0131r\u0131lar\u0131na kar\u015f\u0131 koruyan ordu birliklerimizin Tel Havva\u015f ve Cenabira beldeleri civar\u0131nda sald\u0131rgan ter\u00f6ristlerin hareket ve mevkilerini top ate\u015fine tuttuklar\u0131n\u0131 belirtti. <\/p>\n\n\n\n<p>Nitelikli operasyonlarda Nusra Cephesi ve \u00e7at\u0131s\u0131 alt\u0131ndaki ter\u00f6r \u00e7etelerinden onlarcas\u0131n\u0131n \u00f6l\u00fc yal\u0131 d\u00fc\u015f\u00fcr\u00fcld\u00fc\u011f\u00fcn\u00fc ifade eden kaynak; sald\u0131r\u0131lar\u0131nda kulland\u0131klar\u0131 cephane, silah ve ekipmanlar\u0131n da imha edildi\u011fini kaydetti. <\/p>\n","protected":false},"excerpt":{"rendered":"<p>HAMA \u2013 Hama k\u0131rsal\u0131n\u0131n kuzeyinde \u0130dlib i\u00e7in imzalanan silahs\u0131z b\u00f6lge anla\u015fmas\u0131n\u0131 ihlal edip civardaki askeri noktalar ve sivil yerle\u015fim alanlar\u0131na gaddar sald\u0131r\u0131lar\u0131n\u0131 s\u00fcrd\u00fcren kiral\u0131k ter\u00f6ristlere kar\u015f\u0131 koymaya devam eden ordu birliklerimiz bug\u00fcn de bu sald\u0131rganlardan onlarcas\u0131n\u0131 \u00f6l\u00fc yaral\u0131 d\u00fc\u015f\u00fcrd\u00fc. Askeri bir kaynak SANA\u2019ya a\u00e7\u0131klamalar\u0131nda Hama k\u0131rsal\u0131n\u0131n kuzeyinde vatan ve vatanda\u015flar\u0131n g\u00fcvenli\u011fini kiral\u0131k ter\u00f6ristlerin sald\u0131r\u0131lar\u0131na kar\u015f\u0131 &hellip;<\/p>\n","protected":false},"author":1,"featured_media":167685,"comment_status":"closed","ping_status":"closed","sticky":false,"template":"","format":"standard","meta":{"footnotes":""},"categories":[479,575,17988,478],"tags":[],"class_list":["post-169783","post","type-post","status-publish","format-standard","has-post-thumbnail","","category-haberler-yerel","category-olaylar-ve-gercekler","category-son-haberler","category-yerel"],"_links":{"self":[{"href":"https:\/\/archive.sana.sy\/tr\/index.php?rest_route=\/wp\/v2\/posts\/169783","targetHints":{"allow":["GET"]}}],"collection":[{"href":"https:\/\/archive.sana.sy\/tr\/index.php?rest_route=\/wp\/v2\/posts"}],"about":[{"href":"https:\/\/archive.sana.sy\/tr\/index.php?rest_route=\/wp\/v2\/types\/post"}],"author":[{"embeddable":true,"href":"https:\/\/archive.sana.sy\/tr\/index.php?rest_route=\/wp\/v2\/users\/1"}],"replies":[{"embeddable":true,"href":"https:\/\/archive.sana.sy\/tr\/index.php?rest_route=%2Fwp%2Fv2%2Fcomments&post=169783"}],"version-history":[{"count":0,"href":"https:\/\/archive.sana.sy\/tr\/index.php?rest_route=\/wp\/v2\/posts\/169783\/revisions"}],"wp:featuredmedia":[{"embeddable":true,"href":"https:\/\/archive.sana.sy\/tr\/index.php?rest_route=\/wp\/v2\/media\/167685"}],"wp:attachment":[{"href":"https:\/\/archive.sana.sy\/tr\/index.php?rest_route=%2Fwp%2Fv2%2Fmedia&parent=169783"}],"wp:term":[{"taxonomy":"category","embeddable":true,"href":"https:\/\/archive.sana.sy\/tr\/index.php?rest_route=%2Fwp%2Fv2%2Fcategories&post=169783"},{"taxonomy":"post_tag","embeddable":true,"href":"https:\/\/archive.sana.sy\/tr\/index.php?rest_route=%2Fwp%2Fv2%2Ftags&post=169783"}],"curies":[{"name":"wp","href":"https:\/\/api.w.org\/{rel}","templated":true}]}}