{"id":169808,"date":"2018-12-26T12:15:25","date_gmt":"2018-12-26T10:15:25","guid":{"rendered":"https:\/\/www.sana.sy\/tr\/?p=169808"},"modified":"2018-12-27T14:14:15","modified_gmt":"2018-12-27T12:14:15","slug":"haseke-kirsalinda-yardim-dagitimi-basladi","status":"publish","type":"post","link":"https:\/\/archive.sana.sy\/tr\/?p=169808","title":{"rendered":"Haseke K\u0131rsal\u0131nda Yard\u0131m Da\u011f\u0131t\u0131m\u0131 Ba\u015flad\u0131"},"content":{"rendered":"\n<p>HASEKE \u2013 Devletin istisnas\u0131z t\u00fcm b\u00f6lgelerde vatanda\u015flar\u0131n ya\u015fam\u0131n\u0131 kolayla\u015ft\u0131rma ve temel gereksinimlerini temin etme \u00e7abalar\u0131 kapsam\u0131nda K\u0131z\u0131lay \u00d6rg\u00fct\u00fc bug\u00fcn muhtelif illerden Haseke \u0130line tehcir edilen ailelere insani yard\u0131m da\u011f\u0131t\u0131m\u0131na ba\u015flad\u0131.<\/p>\n\n\n\n<p>K\u0131z\u0131lay \u00d6rg\u00fct\u00fcn\u00fcn Haseke \u0130l M\u00fcd\u00fcrl\u00fc\u011f\u00fcnde da\u011f\u0131t\u0131m sorumlusu Muhammed Resul SANA muhabirine a\u00e7\u0131klamalar\u0131nda; K\u0131z\u0131lay ekiplerinin bug\u00fcn 2500 yard\u0131m paketinin iki g\u00fcn s\u00fcreyle sadece ba\u015fka illerden Haseke\u2019ye tehcir edilen vatanda\u015flar\u0131 kapsayaca\u011f\u0131n\u0131 a\u00e7\u0131klad\u0131. <\/p>\n\n\n\n<p>Resul Haseke Kentinin yan\u0131 s\u0131ra \u015eeddadi, Merkeda ve di\u011fer k\u0131rsal b\u00f6lgelerde t\u00fcm ter\u00f6r ma\u011fduru ve ihtiya\u00e7 sahibi ailelere insani yard\u0131mlar\u0131n \u00f6n\u00fcm\u00fczdeki ay ba\u015flar\u0131ndan itibaren ba\u015flanaca\u011f\u0131n\u0131n alt\u0131n\u0131 \u00e7izdi. <\/p>\n\n\n\n<p>Ayn\u0131 \u00e7er\u00e7eve kapsam\u0131nda K\u0131z\u0131lay \u00d6rg\u00fct\u00fcnde yard\u0131m i\u015fleri sorumlusu Ammar el Deyri; Haseke k\u0131rsal\u0131nda ter\u00f6r ma\u011fduru ve ihtiya\u00e7 sahibi ailelere da\u011f\u0131t\u0131lmak \u00fczere D\u00fcnya G\u0131da Program\u0131ndan 11045 yard\u0131m paketinin teslim al\u0131nd\u0131\u011f\u0131n\u0131 a\u00e7\u0131klad\u0131. <\/p>\n","protected":false},"excerpt":{"rendered":"<p>HASEKE \u2013 Devletin istisnas\u0131z t\u00fcm b\u00f6lgelerde vatanda\u015flar\u0131n ya\u015fam\u0131n\u0131 kolayla\u015ft\u0131rma ve temel gereksinimlerini temin etme \u00e7abalar\u0131 kapsam\u0131nda K\u0131z\u0131lay \u00d6rg\u00fct\u00fc bug\u00fcn muhtelif illerden Haseke \u0130line tehcir edilen ailelere insani yard\u0131m da\u011f\u0131t\u0131m\u0131na ba\u015flad\u0131. K\u0131z\u0131lay \u00d6rg\u00fct\u00fcn\u00fcn Haseke \u0130l M\u00fcd\u00fcrl\u00fc\u011f\u00fcnde da\u011f\u0131t\u0131m sorumlusu Muhammed Resul SANA muhabirine a\u00e7\u0131klamalar\u0131nda; K\u0131z\u0131lay ekiplerinin bug\u00fcn 2500 yard\u0131m paketinin iki g\u00fcn s\u00fcreyle sadece ba\u015fka illerden Haseke\u2019ye &hellip;<\/p>\n","protected":false},"author":1,"featured_media":169817,"comment_status":"closed","ping_status":"closed","sticky":false,"template":"","format":"standard","meta":{"footnotes":""},"categories":[479,17988,478],"tags":[],"class_list":["post-169808","post","type-post","status-publish","format-standard","has-post-thumbnail","","category-haberler-yerel","category-son-haberler","category-yerel"],"_links":{"self":[{"href":"https:\/\/archive.sana.sy\/tr\/index.php?rest_route=\/wp\/v2\/posts\/169808","targetHints":{"allow":["GET"]}}],"collection":[{"href":"https:\/\/archive.sana.sy\/tr\/index.php?rest_route=\/wp\/v2\/posts"}],"about":[{"href":"https:\/\/archive.sana.sy\/tr\/index.php?rest_route=\/wp\/v2\/types\/post"}],"author":[{"embeddable":true,"href":"https:\/\/archive.sana.sy\/tr\/index.php?rest_route=\/wp\/v2\/users\/1"}],"replies":[{"embeddable":true,"href":"https:\/\/archive.sana.sy\/tr\/index.php?rest_route=%2Fwp%2Fv2%2Fcomments&post=169808"}],"version-history":[{"count":0,"href":"https:\/\/archive.sana.sy\/tr\/index.php?rest_route=\/wp\/v2\/posts\/169808\/revisions"}],"wp:featuredmedia":[{"embeddable":true,"href":"https:\/\/archive.sana.sy\/tr\/index.php?rest_route=\/wp\/v2\/media\/169817"}],"wp:attachment":[{"href":"https:\/\/archive.sana.sy\/tr\/index.php?rest_route=%2Fwp%2Fv2%2Fmedia&parent=169808"}],"wp:term":[{"taxonomy":"category","embeddable":true,"href":"https:\/\/archive.sana.sy\/tr\/index.php?rest_route=%2Fwp%2Fv2%2Fcategories&post=169808"},{"taxonomy":"post_tag","embeddable":true,"href":"https:\/\/archive.sana.sy\/tr\/index.php?rest_route=%2Fwp%2Fv2%2Ftags&post=169808"}],"curies":[{"name":"wp","href":"https:\/\/api.w.org\/{rel}","templated":true}]}}