{"id":170412,"date":"2019-01-02T13:56:05","date_gmt":"2019-01-02T11:56:05","guid":{"rendered":"http:\/\/www.sana.sy\/tr\/?p=170412"},"modified":"2019-01-03T12:41:41","modified_gmt":"2019-01-03T10:41:41","slug":"asya-finallerine-hazirlik-kampini-tamamladi","status":"publish","type":"post","link":"https:\/\/archive.sana.sy\/tr\/?p=170412","title":{"rendered":"Asya Finallerine Haz\u0131rl\u0131k Kamp\u0131n\u0131 Tamamlad\u0131"},"content":{"rendered":"\n<p> ABU DAB\u0130 \u2013 Milli futbol tak\u0131m\u0131m\u0131z Kasiyon Kartallar\u0131 bug\u00fcn; bu ay\u0131n 5\u2019inde Birle\u015fik Arap Emirliklerinde ba\u015flayacak olan Asya Kupas\u0131 finallerine haz\u0131rl\u0131k olarak girdi\u011fi idman kamp\u0131n\u0131 tamamlad\u0131. <\/p>\n\n\n\n<div class=\"wp-block-image\"><figure class=\"alignright\"><a href=\"https:\/\/www.sana.sy\/tr\/wp-content\/uploads\/2019\/01\/2-2.jpg\"><img loading=\"lazy\" decoding=\"async\" width=\"300\" height=\"200\" src=\"https:\/\/www.sana.sy\/tr\/wp-content\/uploads\/2019\/01\/2-2-300x200.jpg\" alt=\"\" class=\"wp-image-170414\" srcset=\"https:\/\/archive.sana.sy\/tr\/wp-content\/uploads\/2019\/01\/2-2-300x200.jpg 300w, https:\/\/archive.sana.sy\/tr\/wp-content\/uploads\/2019\/01\/2-2-150x100.jpg 150w, https:\/\/archive.sana.sy\/tr\/wp-content\/uploads\/2019\/01\/2-2.jpg 660w\" sizes=\"auto, (max-width: 300px) 100vw, 300px\" \/><\/a><\/figure><\/div>\n\n\n\n<p>Milli tak\u0131m\u0131n Alman Antren\u00f6r\u00fc Bernd Stange kamp \u00e7al\u0131\u015fmalar\u0131nda topu yakalama ve pas verme ba\u015fta olmak \u00fczere belirli teknikler \u00fczerinde odakland\u0131. <\/p>\n\n\n\n<p>Kasiyon Kartallar\u0131 Asya Finalleri kapsam\u0131nda 6 Ocak tarihinde Filistin tak\u0131m\u0131 ile oynayaca\u011f\u0131 ma\u00e7a haz\u0131rlanmak \u00fczere bug\u00fcn \u015earika Vilayetine hareket ediyor. Milli tak\u0131m\u0131m\u0131z ikinci grupta Filistin ile ma\u00e7\u0131ndan sonra 10 Ocakta \u00dcrd\u00fcn, 15 Ocakta\u2019da Avustralya tak\u0131mlar\u0131 ile kar\u015f\u0131 kar\u015f\u0131ya gelecek. <\/p>\n","protected":false},"excerpt":{"rendered":"<p>ABU DAB\u0130 \u2013 Milli futbol tak\u0131m\u0131m\u0131z Kasiyon Kartallar\u0131 bug\u00fcn; bu ay\u0131n 5\u2019inde Birle\u015fik Arap Emirliklerinde ba\u015flayacak olan Asya Kupas\u0131 finallerine haz\u0131rl\u0131k olarak girdi\u011fi idman kamp\u0131n\u0131 tamamlad\u0131. Milli tak\u0131m\u0131n Alman Antren\u00f6r\u00fc Bernd Stange kamp \u00e7al\u0131\u015fmalar\u0131nda topu yakalama ve pas verme ba\u015fta olmak \u00fczere belirli teknikler \u00fczerinde odakland\u0131. Kasiyon Kartallar\u0131 Asya Finalleri kapsam\u0131nda 6 Ocak tarihinde Filistin &hellip;<\/p>\n","protected":false},"author":1,"featured_media":170413,"comment_status":"closed","ping_status":"closed","sticky":false,"template":"","format":"standard","meta":{"footnotes":""},"categories":[498,17988,496],"tags":[],"class_list":["post-170412","post","type-post","status-publish","format-standard","has-post-thumbnail","","category-dunya-turnuvalari","category-son-haberler","category-spor"],"_links":{"self":[{"href":"https:\/\/archive.sana.sy\/tr\/index.php?rest_route=\/wp\/v2\/posts\/170412","targetHints":{"allow":["GET"]}}],"collection":[{"href":"https:\/\/archive.sana.sy\/tr\/index.php?rest_route=\/wp\/v2\/posts"}],"about":[{"href":"https:\/\/archive.sana.sy\/tr\/index.php?rest_route=\/wp\/v2\/types\/post"}],"author":[{"embeddable":true,"href":"https:\/\/archive.sana.sy\/tr\/index.php?rest_route=\/wp\/v2\/users\/1"}],"replies":[{"embeddable":true,"href":"https:\/\/archive.sana.sy\/tr\/index.php?rest_route=%2Fwp%2Fv2%2Fcomments&post=170412"}],"version-history":[{"count":0,"href":"https:\/\/archive.sana.sy\/tr\/index.php?rest_route=\/wp\/v2\/posts\/170412\/revisions"}],"wp:featuredmedia":[{"embeddable":true,"href":"https:\/\/archive.sana.sy\/tr\/index.php?rest_route=\/wp\/v2\/media\/170413"}],"wp:attachment":[{"href":"https:\/\/archive.sana.sy\/tr\/index.php?rest_route=%2Fwp%2Fv2%2Fmedia&parent=170412"}],"wp:term":[{"taxonomy":"category","embeddable":true,"href":"https:\/\/archive.sana.sy\/tr\/index.php?rest_route=%2Fwp%2Fv2%2Fcategories&post=170412"},{"taxonomy":"post_tag","embeddable":true,"href":"https:\/\/archive.sana.sy\/tr\/index.php?rest_route=%2Fwp%2Fv2%2Ftags&post=170412"}],"curies":[{"name":"wp","href":"https:\/\/api.w.org\/{rel}","templated":true}]}}