{"id":170734,"date":"2019-01-05T15:00:01","date_gmt":"2019-01-05T13:00:01","guid":{"rendered":"http:\/\/www.sana.sy\/tr\/?p=170734"},"modified":"2019-01-06T14:39:04","modified_gmt":"2019-01-06T12:39:04","slug":"futbolseverler-buyuk-bir-heyecanla-bekliyor","status":"publish","type":"post","link":"https:\/\/archive.sana.sy\/tr\/?p=170734","title":{"rendered":"Futbolseverler B\u00fcy\u00fck Bir Heyecanla Bekliyor"},"content":{"rendered":"\n<p>ABU DAB\u0130 \u2013 Futbolseverlerin b\u00fcy\u00fck bir heyecanla bekledikleri Asya Kupas\u0131 Finalleri bug\u00fcn Birle\u015fik Arap Emirliklerinde ba\u015fl\u0131yor. <\/p>\n\n\n\n<p>Aralar\u0131nda Suriye tak\u0131m\u0131 Kasiyon Kartallar\u0131n\u0131n da bulundu\u011fu 24 devletin kat\u0131l\u0131m\u0131yla bu ak\u015fam saat 18:00\u2019da ba\u015flayan final ma\u00e7lar\u0131ndan \u00f6nce Abu Dabi\u2019deki Zayid Stad\u0131nda sanatsal sunumlar yap\u0131l\u0131yor. <\/p>\n\n\n\n<p>Suriye tak\u0131m\u0131 kupaya \u201cTek Bir Tak\u0131m\u2026 Tek Bir Suriye\u201d slogan\u0131 ile kat\u0131l\u0131rken ilk ma\u00e7\u0131n\u0131 Filistin tak\u0131m\u0131 ile oynayacak. <\/p>\n","protected":false},"excerpt":{"rendered":"<p>ABU DAB\u0130 \u2013 Futbolseverlerin b\u00fcy\u00fck bir heyecanla bekledikleri Asya Kupas\u0131 Finalleri bug\u00fcn Birle\u015fik Arap Emirliklerinde ba\u015fl\u0131yor. Aralar\u0131nda Suriye tak\u0131m\u0131 Kasiyon Kartallar\u0131n\u0131n da bulundu\u011fu 24 devletin kat\u0131l\u0131m\u0131yla bu ak\u015fam saat 18:00\u2019da ba\u015flayan final ma\u00e7lar\u0131ndan \u00f6nce Abu Dabi\u2019deki Zayid Stad\u0131nda sanatsal sunumlar yap\u0131l\u0131yor. Suriye tak\u0131m\u0131 kupaya \u201cTek Bir Tak\u0131m\u2026 Tek Bir Suriye\u201d slogan\u0131 ile kat\u0131l\u0131rken ilk ma\u00e7\u0131n\u0131 &hellip;<\/p>\n","protected":false},"author":1,"featured_media":170735,"comment_status":"closed","ping_status":"closed","sticky":false,"template":"","format":"standard","meta":{"footnotes":""},"categories":[498,17988,496],"tags":[],"class_list":["post-170734","post","type-post","status-publish","format-standard","has-post-thumbnail","","category-dunya-turnuvalari","category-son-haberler","category-spor"],"_links":{"self":[{"href":"https:\/\/archive.sana.sy\/tr\/index.php?rest_route=\/wp\/v2\/posts\/170734","targetHints":{"allow":["GET"]}}],"collection":[{"href":"https:\/\/archive.sana.sy\/tr\/index.php?rest_route=\/wp\/v2\/posts"}],"about":[{"href":"https:\/\/archive.sana.sy\/tr\/index.php?rest_route=\/wp\/v2\/types\/post"}],"author":[{"embeddable":true,"href":"https:\/\/archive.sana.sy\/tr\/index.php?rest_route=\/wp\/v2\/users\/1"}],"replies":[{"embeddable":true,"href":"https:\/\/archive.sana.sy\/tr\/index.php?rest_route=%2Fwp%2Fv2%2Fcomments&post=170734"}],"version-history":[{"count":0,"href":"https:\/\/archive.sana.sy\/tr\/index.php?rest_route=\/wp\/v2\/posts\/170734\/revisions"}],"wp:featuredmedia":[{"embeddable":true,"href":"https:\/\/archive.sana.sy\/tr\/index.php?rest_route=\/wp\/v2\/media\/170735"}],"wp:attachment":[{"href":"https:\/\/archive.sana.sy\/tr\/index.php?rest_route=%2Fwp%2Fv2%2Fmedia&parent=170734"}],"wp:term":[{"taxonomy":"category","embeddable":true,"href":"https:\/\/archive.sana.sy\/tr\/index.php?rest_route=%2Fwp%2Fv2%2Fcategories&post=170734"},{"taxonomy":"post_tag","embeddable":true,"href":"https:\/\/archive.sana.sy\/tr\/index.php?rest_route=%2Fwp%2Fv2%2Ftags&post=170734"}],"curies":[{"name":"wp","href":"https:\/\/api.w.org\/{rel}","templated":true}]}}